    
{"id":85375,"date":"2025-07-04T12:42:20","date_gmt":"2025-07-04T10:42:20","guid":{"rendered":"https:\/\/www.praha7.cz\/?p=85375"},"modified":"2025-07-07T15:25:19","modified_gmt":"2025-07-07T13:25:19","slug":"vypadek-elektricke-energie-v-praze","status":"publish","type":"post","link":"https:\/\/www.praha7.cz\/vypadek-elektricke-energie-v-praze\/","title":{"rendered":"V\u00fdpadek elektrick\u00e9 energie v&nbsp;Praze 4.&nbsp;\u010dervence"},"content":{"rendered":"<p>[perex]<\/p>\r\n<p><strong>p\u00e1tek 4.&nbsp;\u010dervence 2025<\/strong><br \/>\r\naktualizace 18.00: Dod\u00e1vky elekt\u0159iny v&nbsp;Praze byly obnoveny.<\/p>\r\n<p>aktualizace 15.00 \u010cEPS: V\u0161echny rozvodny p\u0159enosov\u00e9 soustavy jsou uvedeny zp\u011bt pod nap\u011bt\u00ed. V&nbsp;tuto chv\u00edli prob\u00edh\u00e1 obnova dod\u00e1vek elekt\u0159iny na \u00farovni distribu\u010dn\u00ed s\u00edt\u011b.<\/p>\r\n<p>&nbsp;<\/p>\r\n<p>Upozor\u0148ujeme na rozs\u00e1hl\u00fd v\u00fdpadek dod\u00e1vky elektrick\u00e9 energie v&nbsp;pravob\u0159e\u017en\u00ed \u010d\u00e1sti Prahy, v&nbsp;jeho\u017e d\u016fsledku byl p\u0159eru\u0161en provoz metra a&nbsp;tramvajov\u00e9 dopravy.<\/p>\r\n<p>Doporu\u010dujeme ob\u010dan\u016fm, aby do stabilizace situace rad\u011bji nepou\u017e\u00edvali v\u00fdtahy. Vzhledem k&nbsp;rozs\u00e1hl\u00e9mu v\u00fdpadku elektrick\u00e9 energie nen\u00ed vylou\u010deno, \u017ee by lid\u00e9 mohli ve v\u00fdtahu uv\u00e1znout.<\/p>\r\n<p>Provoz MHD se postupn\u011b obnovuje v\u00edce informac\u00ed sledujte na: <a href=\"https:\/\/www.dpp.cz\/omezeni-a-mimoradne-udalosti\/detail\/28077?fbclid=IwY2xjawLUjshleHRuA2FlbQIxMAABHrbBBc8gNxTKdqx20ZXAEJyBUvVDjqFtEFDknuE2mbfVgvctyn-UFXS9P8fW_aem_U5B99CD96p-nUWCoNgOxIQ\" target=\"_blank\" rel=\"noopener\">webu Dopravn\u00edho podniku hl. m. Prahy.<\/a><\/p>\r\n<p>[\/perex]<\/p>","protected":false},"excerpt":{"rendered":"[perex] p\u00e1tek 4.&nbsp;\u010dervence 2025 aktualizace 18.00: Dod\u00e1vky elekt\u0159iny v&nbsp;Praze byly obnoveny. aktualizace 15.00 \u010cEPS: V\u0161echny rozvodny p\u0159enosov\u00e9 soustavy jsou uvedeny zp\u011bt pod nap\u011bt\u00ed. V&nbsp;tuto chv\u00edli prob\u00edh\u00e1 obnova dod\u00e1vek elekt\u0159iny na \u00farovni distribu\u010dn\u00ed s\u00edt\u011b. &nbsp; Upozor\u0148ujeme na rozs\u00e1hl\u00fd v\u00fdpadek dod\u00e1vky elektrick\u00e9 energie v&nbsp;pravob\u0159e\u017en\u00ed \u010d\u00e1sti Prahy, v&nbsp;jeho\u017e d\u016fsledku byl p\u0159eru\u0161en provoz metra a&nbsp;tramvajov\u00e9 dopravy. Doporu\u010dujeme ob\u010dan\u016fm, aby [&hellip;]","protected":false},"author":5,"featured_media":26059,"comment_status":"closed","ping_status":"open","sticky":false,"template":"","format":"standard","meta":[],"categories":[34],"tags":[136],"_links":{"self":[{"href":"https:\/\/www.praha7.cz\/api\/wp\/v2\/posts\/85375"}],"collection":[{"href":"https:\/\/www.praha7.cz\/api\/wp\/v2\/posts"}],"about":[{"href":"https:\/\/www.praha7.cz\/api\/wp\/v2\/types\/post"}],"author":[{"embeddable":true,"href":"https:\/\/www.praha7.cz\/api\/wp\/v2\/users\/5"}],"replies":[{"embeddable":true,"href":"https:\/\/www.praha7.cz\/api\/wp\/v2\/comments?post=85375"}],"version-history":[{"count":12,"href":"https:\/\/www.praha7.cz\/api\/wp\/v2\/posts\/85375\/revisions"}],"predecessor-version":[{"id":85389,"href":"https:\/\/www.praha7.cz\/api\/wp\/v2\/posts\/85375\/revisions\/85389"}],"wp:featuredmedia":[{"embeddable":true,"href":"https:\/\/www.praha7.cz\/api\/wp\/v2\/media\/26059"}],"wp:attachment":[{"href":"https:\/\/www.praha7.cz\/api\/wp\/v2\/media?parent=85375"}],"wp:term":[{"taxonomy":"category","embeddable":true,"href":"https:\/\/www.praha7.cz\/api\/wp\/v2\/categories?post=85375"},{"taxonomy":"post_tag","embeddable":true,"href":"https:\/\/www.praha7.cz\/api\/wp\/v2\/tags?post=85375"}],"curies":[{"name":"wp","href":"https:\/\/api.w.org\/{rel}","templated":true}]}}