    
{"id":85247,"date":"2025-07-03T14:36:59","date_gmt":"2025-07-03T12:36:59","guid":{"rendered":"https:\/\/www.praha7.cz\/?p=85247"},"modified":"2025-07-16T15:44:50","modified_gmt":"2025-07-16T13:44:50","slug":"za-dvermi-25","status":"publish","type":"post","link":"https:\/\/www.praha7.cz\/za-dvermi-25\/","title":{"rendered":"Divadeln\u00ed festival Za dve\u0159mi 2025"},"content":{"rendered":"<p>[perex]<\/p>\r\n<p>Druh\u00fd \u010dervencov\u00fd t\u00fdden pat\u0159\u00ed v&nbsp;Praze ji\u017e tradi\u010dn\u011b pouli\u010dn\u00edmu divadlu. 17.&nbsp;ro\u010dn\u00edk pra\u017esk\u00e9ho festivalu pouli\u010dn\u00edho divadla Za dve\u0159mi se kon\u00e1 9.\u201315.&nbsp;\u010dervence 2025 v&nbsp;Hole\u0161ovick\u00e9 tr\u017enici, hole\u0161ovick\u00e9m Holportu, na \u0160tvanici a&nbsp;na Mari\u00e1nsk\u00e9m n\u00e1m\u011bst\u00ed. Vstup na festival je voln\u00fd, program najdete <a href=\"https:\/\/zadvermi.cz\/program\/\" target=\"_blank\" rel=\"noopener\">zde<\/a>.<\/p>\r\n<p>[\/perex]<\/p>\r\n<h3><a href=\"https:\/\/zadvermi.cz\/program\/\" target=\"_blank\" rel=\"noopener\">PROGRAM<\/a><\/h3>\r\n<p><a href=\"https:\/\/www.facebook.com\/events\/1384593749387538\" target=\"_blank\" rel=\"noopener\">FB ud\u00e1lost<\/a><\/p>","protected":false},"excerpt":{"rendered":"[perex] Druh\u00fd \u010dervencov\u00fd t\u00fdden pat\u0159\u00ed v&nbsp;Praze ji\u017e tradi\u010dn\u011b pouli\u010dn\u00edmu divadlu. 17.&nbsp;ro\u010dn\u00edk pra\u017esk\u00e9ho festivalu pouli\u010dn\u00edho divadla Za dve\u0159mi se kon\u00e1 9.\u201315.&nbsp;\u010dervence 2025 v&nbsp;Hole\u0161ovick\u00e9 tr\u017enici, hole\u0161ovick\u00e9m Holportu, na \u0160tvanici a&nbsp;na Mari\u00e1nsk\u00e9m n\u00e1m\u011bst\u00ed. Vstup na festival je voln\u00fd, program najdete zde. [\/perex] PROGRAM FB ud\u00e1lost","protected":false},"author":251,"featured_media":85248,"comment_status":"closed","ping_status":"open","sticky":false,"template":"","format":"standard","meta":[],"categories":[34],"tags":[106,91],"_links":{"self":[{"href":"https:\/\/www.praha7.cz\/api\/wp\/v2\/posts\/85247"}],"collection":[{"href":"https:\/\/www.praha7.cz\/api\/wp\/v2\/posts"}],"about":[{"href":"https:\/\/www.praha7.cz\/api\/wp\/v2\/types\/post"}],"author":[{"embeddable":true,"href":"https:\/\/www.praha7.cz\/api\/wp\/v2\/users\/251"}],"replies":[{"embeddable":true,"href":"https:\/\/www.praha7.cz\/api\/wp\/v2\/comments?post=85247"}],"version-history":[{"count":3,"href":"https:\/\/www.praha7.cz\/api\/wp\/v2\/posts\/85247\/revisions"}],"predecessor-version":[{"id":85363,"href":"https:\/\/www.praha7.cz\/api\/wp\/v2\/posts\/85247\/revisions\/85363"}],"wp:featuredmedia":[{"embeddable":true,"href":"https:\/\/www.praha7.cz\/api\/wp\/v2\/media\/85248"}],"wp:attachment":[{"href":"https:\/\/www.praha7.cz\/api\/wp\/v2\/media?parent=85247"}],"wp:term":[{"taxonomy":"category","embeddable":true,"href":"https:\/\/www.praha7.cz\/api\/wp\/v2\/categories?post=85247"},{"taxonomy":"post_tag","embeddable":true,"href":"https:\/\/www.praha7.cz\/api\/wp\/v2\/tags?post=85247"}],"curies":[{"name":"wp","href":"https:\/\/api.w.org\/{rel}","templated":true}]}}