    
{"id":85244,"date":"2025-07-01T16:19:29","date_gmt":"2025-07-01T14:19:29","guid":{"rendered":"https:\/\/www.praha7.cz\/?p=85244"},"modified":"2025-07-01T16:27:17","modified_gmt":"2025-07-01T14:27:17","slug":"cteni-pro-deti-v-knihobotu","status":"publish","type":"post","link":"https:\/\/www.praha7.cz\/cteni-pro-deti-v-knihobotu\/","title":{"rendered":"\u010cten\u00ed pro d\u011bti v&nbsp;Knihobotu"},"content":{"rendered":"<p>[perex]<\/p>\r\n<p>Program pro d\u011bti s&nbsp;knihou a&nbsp;\u010dten\u00edm na st\u0159ede\u010dn\u00ed dopoledne? Zastavte se 2., 16.&nbsp;a&nbsp;30.&nbsp;\u010dervence, 13.&nbsp;a&nbsp;27.&nbsp;srpna 2025, v\u017edy od 10 hodin, v&nbsp;pobo\u010dce Knihobotu (Dukelsk\u00fdch hrdin\u016f 21). \u010cten\u00ed z&nbsp;obl\u00edben\u00fdch knih a&nbsp;poh\u00e1dek ocen\u00ed zejm\u00e9na d\u011bti od t\u0159\u00ed do \u0161esti let. . Vstup voln\u00fd.\u00a0<\/p>\r\n<p>[\/perex]<\/p>\r\n<p><a href=\"https:\/\/www.facebook.com\/events\/1076745947609676\/1076746614276276\" target=\"_blank\" rel=\"noopener\">FB ud\u00e1lost<\/a><\/p>","protected":false},"excerpt":{"rendered":"[perex] Program pro d\u011bti s&nbsp;knihou a&nbsp;\u010dten\u00edm na st\u0159ede\u010dn\u00ed dopoledne? Zastavte se 2., 16.&nbsp;a&nbsp;30.&nbsp;\u010dervence, 13.&nbsp;a&nbsp;27.&nbsp;srpna 2025, v\u017edy od 10 hodin, v&nbsp;pobo\u010dce Knihobotu (Dukelsk\u00fdch hrdin\u016f 21). \u010cten\u00ed z&nbsp;obl\u00edben\u00fdch knih a&nbsp;poh\u00e1dek ocen\u00ed zejm\u00e9na d\u011bti od t\u0159\u00ed do \u0161esti let. . Vstup voln\u00fd.\u00a0 [\/perex] FB ud\u00e1lost","protected":false},"author":251,"featured_media":85245,"comment_status":"closed","ping_status":"open","sticky":false,"template":"","format":"standard","meta":[],"categories":[34],"tags":[123],"_links":{"self":[{"href":"https:\/\/www.praha7.cz\/api\/wp\/v2\/posts\/85244"}],"collection":[{"href":"https:\/\/www.praha7.cz\/api\/wp\/v2\/posts"}],"about":[{"href":"https:\/\/www.praha7.cz\/api\/wp\/v2\/types\/post"}],"author":[{"embeddable":true,"href":"https:\/\/www.praha7.cz\/api\/wp\/v2\/users\/251"}],"replies":[{"embeddable":true,"href":"https:\/\/www.praha7.cz\/api\/wp\/v2\/comments?post=85244"}],"version-history":[{"count":2,"href":"https:\/\/www.praha7.cz\/api\/wp\/v2\/posts\/85244\/revisions"}],"predecessor-version":[{"id":85320,"href":"https:\/\/www.praha7.cz\/api\/wp\/v2\/posts\/85244\/revisions\/85320"}],"wp:featuredmedia":[{"embeddable":true,"href":"https:\/\/www.praha7.cz\/api\/wp\/v2\/media\/85245"}],"wp:attachment":[{"href":"https:\/\/www.praha7.cz\/api\/wp\/v2\/media?parent=85244"}],"wp:term":[{"taxonomy":"category","embeddable":true,"href":"https:\/\/www.praha7.cz\/api\/wp\/v2\/categories?post=85244"},{"taxonomy":"post_tag","embeddable":true,"href":"https:\/\/www.praha7.cz\/api\/wp\/v2\/tags?post=85244"}],"curies":[{"name":"wp","href":"https:\/\/api.w.org\/{rel}","templated":true}]}}