    
{"id":85222,"date":"2025-06-27T12:16:38","date_gmt":"2025-06-27T10:16:38","guid":{"rendered":"https:\/\/www.praha7.cz\/?p=85222"},"modified":"2025-08-22T14:13:59","modified_gmt":"2025-08-22T12:13:59","slug":"praha-7-uctila-pamatku-milady-horakove-a-dalsich-obeti-komunistickeho-rezimu-3","status":"publish","type":"post","link":"https:\/\/www.praha7.cz\/praha-7-uctila-pamatku-milady-horakove-a-dalsich-obeti-komunistickeho-rezimu-3\/","title":{"rendered":"Praha&nbsp;7 uctila pam\u00e1tku Milady Hor\u00e1kov\u00e9 a&nbsp;dal\u0161\u00edch ob\u011bt\u00ed komunistick\u00e9ho re\u017eimu"},"content":{"rendered":"<p>[perex]<\/p>\r\n<p>V p\u00e1tek 27.&nbsp;\u010dervna 2025 uplynulo 75 let ode dne, kdy byl vykon\u00e1n rozsudek smrti vynesen\u00fd totalitn\u00edm komunistick\u00fdm re\u017eimem nad \u010deskou vlasteneckou politi\u010dkou doktorkou Miladou Hor\u00e1kovou.<\/p>\r\n<p>[\/perex]<\/p>\r\n<p>Ob\u010dan\u00e9 a&nbsp;z\u00e1stupci m\u011bstsk\u00e9 \u010d\u00e1sti v&nbsp;\u010dele se starostou Janem \u010ci\u017einsk\u00fdm a&nbsp;dal\u0161\u00edmi hosty se se\u0161li u&nbsp;pam\u011btn\u00ed desky v\u011bnovan\u00e9 t\u00e9to v\u00fdjime\u010dn\u00e9 osobnosti a&nbsp;vzpomn\u011bli tak\u00e9 na dal\u0161\u00ed ob\u011bti komunistick\u00e9ho re\u017eimu. Leto\u0161n\u00ed v\u00fdro\u010d\u00ed 75 let od justi\u010dn\u00ed vra\u017edy Milady Hor\u00e1kov\u00e9 doplnil tak\u00e9 <a href=\"https:\/\/www.praha7.cz\/mural-milady-horakove\/\" target=\"_blank\" rel=\"noopener\">mural<\/a>, kter\u00fd vznikl na fas\u00e1d\u011b domu v&nbsp;ulici Milady Hor\u00e1kov\u00e9 4, a&nbsp;<a href=\"https:\/\/www.facebook.com\/Praha7\/posts\/pfbid032Z2ZYEttDEVEjFBEMDFaVNVbBmzZzfPC3by3xAx9wAq7THst519J5to8TBoD8GURl\" target=\"_blank\" rel=\"noopener\">kv\u011btinov\u00e1 louka<\/a> od \u017e\u00e1k\u016f Z\u0160 Strossmayerovo n\u00e1m\u011bst\u00ed.<\/p>\r\n<p><img loading=\"lazy\" src=\"https:\/\/www.praha7.cz\/wp-content\/uploads\/2025\/06\/pietni-akt-MH_proslov-STA-1242x1000.jpg\" alt=\"\" width=\"640\" height=\"515\" class=\"alignnone size-large wp-image-85225\" srcset=\"https:\/\/www.praha7.cz\/wp-content\/uploads\/2025\/06\/pietni-akt-MH_proslov-STA-1242x1000.jpg 1242w, https:\/\/www.praha7.cz\/wp-content\/uploads\/2025\/06\/pietni-akt-MH_proslov-STA-497x400.jpg 497w, https:\/\/www.praha7.cz\/wp-content\/uploads\/2025\/06\/pietni-akt-MH_proslov-STA-768x618.jpg 768w, https:\/\/www.praha7.cz\/wp-content\/uploads\/2025\/06\/pietni-akt-MH_proslov-STA-1536x1237.jpg 1536w, https:\/\/www.praha7.cz\/wp-content\/uploads\/2025\/06\/pietni-akt-MH_proslov-STA-2048x1649.jpg 2048w\" sizes=\"(max-width: 640px) 100vw, 640px\" \/><\/p>\r\n<p><img loading=\"lazy\" src=\"https:\/\/www.praha7.cz\/wp-content\/uploads\/2025\/06\/pietni-akt-MH_lidi-1315x1000.jpg\" alt=\"\" width=\"640\" height=\"487\" class=\"alignnone size-large wp-image-85227\" srcset=\"https:\/\/www.praha7.cz\/wp-content\/uploads\/2025\/06\/pietni-akt-MH_lidi-1315x1000.jpg 1315w, https:\/\/www.praha7.cz\/wp-content\/uploads\/2025\/06\/pietni-akt-MH_lidi-526x400.jpg 526w, https:\/\/www.praha7.cz\/wp-content\/uploads\/2025\/06\/pietni-akt-MH_lidi-768x584.jpg 768w, https:\/\/www.praha7.cz\/wp-content\/uploads\/2025\/06\/pietni-akt-MH_lidi-1536x1168.jpg 1536w, https:\/\/www.praha7.cz\/wp-content\/uploads\/2025\/06\/pietni-akt-MH_lidi-2048x1558.jpg 2048w\" sizes=\"(max-width: 640px) 100vw, 640px\" \/><\/p>\r\n<p>\u201eCho\u010f sv\u011btem s&nbsp;o\u010dima otev\u0159en\u00fdma a&nbsp;poslouchej nejen sv\u00e9 bolesti a&nbsp;z\u00e1jmy, ale i&nbsp;bolesti, z\u00e1jmy a&nbsp;tu\u017eby t\u011bch ostatn\u00edch,\u201c napsala Milada Hor\u00e1kov\u00e1 v&nbsp;dopise sv\u00e9 dce\u0159i Jan\u011b. D\u011bkujeme v\u0161em, kte\u0159\u00ed si s&nbsp;n\u00e1mi p\u0159ipomn\u011bli pam\u00e1tku t\u00e9to v\u00fdjime\u010dn\u00e9 osobnosti.<\/p>\r\n<p><img loading=\"lazy\" src=\"https:\/\/www.praha7.cz\/wp-content\/uploads\/2025\/06\/pietni-akt-MH_detail-venec-1500x933.jpg\" alt=\"\" width=\"640\" height=\"398\" class=\"alignnone size-large wp-image-85224\" srcset=\"https:\/\/www.praha7.cz\/wp-content\/uploads\/2025\/06\/pietni-akt-MH_detail-venec-1500x933.jpg 1500w, https:\/\/www.praha7.cz\/wp-content\/uploads\/2025\/06\/pietni-akt-MH_detail-venec-600x373.jpg 600w, https:\/\/www.praha7.cz\/wp-content\/uploads\/2025\/06\/pietni-akt-MH_detail-venec-768x478.jpg 768w, https:\/\/www.praha7.cz\/wp-content\/uploads\/2025\/06\/pietni-akt-MH_detail-venec-1536x956.jpg 1536w, https:\/\/www.praha7.cz\/wp-content\/uploads\/2025\/06\/pietni-akt-MH_detail-venec-2048x1274.jpg 2048w\" sizes=\"(max-width: 640px) 100vw, 640px\" \/><\/p>","protected":false},"excerpt":{"rendered":"[perex] V&nbsp;p\u00e1tek 27.&nbsp;\u010dervna 2025 uplynulo 75 let ode dne, kdy byl vykon\u00e1n rozsudek smrti vynesen\u00fd totalitn\u00edm komunistick\u00fdm re\u017eimem nad \u010deskou vlasteneckou politi\u010dkou doktorkou Miladou Hor\u00e1kovou. [\/perex] Ob\u010dan\u00e9 a&nbsp;z\u00e1stupci m\u011bstsk\u00e9 \u010d\u00e1sti v&nbsp;\u010dele se starostou Janem \u010ci\u017einsk\u00fdm a&nbsp;dal\u0161\u00edmi hosty se se\u0161li u&nbsp;pam\u011btn\u00ed desky v\u011bnovan\u00e9 t\u00e9to v\u00fdjime\u010dn\u00e9 osobnosti a&nbsp;vzpomn\u011bli tak\u00e9 na dal\u0161\u00ed ob\u011bti komunistick\u00e9ho re\u017eimu. Leto\u0161n\u00ed v\u00fdro\u010d\u00ed [&hellip;]","protected":false},"author":251,"featured_media":85223,"comment_status":"closed","ping_status":"open","sticky":false,"template":"","format":"standard","meta":[],"categories":[34,74],"tags":[135],"_links":{"self":[{"href":"https:\/\/www.praha7.cz\/api\/wp\/v2\/posts\/85222"}],"collection":[{"href":"https:\/\/www.praha7.cz\/api\/wp\/v2\/posts"}],"about":[{"href":"https:\/\/www.praha7.cz\/api\/wp\/v2\/types\/post"}],"author":[{"embeddable":true,"href":"https:\/\/www.praha7.cz\/api\/wp\/v2\/users\/251"}],"replies":[{"embeddable":true,"href":"https:\/\/www.praha7.cz\/api\/wp\/v2\/comments?post=85222"}],"version-history":[{"count":4,"href":"https:\/\/www.praha7.cz\/api\/wp\/v2\/posts\/85222\/revisions"}],"predecessor-version":[{"id":85237,"href":"https:\/\/www.praha7.cz\/api\/wp\/v2\/posts\/85222\/revisions\/85237"}],"wp:featuredmedia":[{"embeddable":true,"href":"https:\/\/www.praha7.cz\/api\/wp\/v2\/media\/85223"}],"wp:attachment":[{"href":"https:\/\/www.praha7.cz\/api\/wp\/v2\/media?parent=85222"}],"wp:term":[{"taxonomy":"category","embeddable":true,"href":"https:\/\/www.praha7.cz\/api\/wp\/v2\/categories?post=85222"},{"taxonomy":"post_tag","embeddable":true,"href":"https:\/\/www.praha7.cz\/api\/wp\/v2\/tags?post=85222"}],"curies":[{"name":"wp","href":"https:\/\/api.w.org\/{rel}","templated":true}]}}