    
{"id":85200,"date":"2025-06-26T12:45:04","date_gmt":"2025-06-26T10:45:04","guid":{"rendered":"https:\/\/www.praha7.cz\/?p=85200"},"modified":"2025-08-07T12:50:01","modified_gmt":"2025-08-07T10:50:01","slug":"plynovod-kostelni-leto","status":"publish","type":"post","link":"https:\/\/www.praha7.cz\/plynovod-kostelni-leto\/","title":{"rendered":"Rekonstrukce plynovodu v&nbsp;Kosteln\u00ed: zm\u011bna od 28.&nbsp;\u010dervence"},"content":{"rendered":"<p>[perex]<\/p>\r\n<p>Pra\u017esk\u00e1 plyn\u00e1rensk\u00e1 Distribuce pokra\u010duje v&nbsp;rekonstrukci plynovodn\u00edho potrub\u00ed v&nbsp;ul. Kosteln\u00ed. Na z\u00e1klad\u011b harmonogramu stanoven\u00e9ho spr\u00e1vcem plynovodu se pr\u00e1ce postupn\u011b posouvaj\u00ed v&nbsp;ulici v\u00fd\u0161e sm\u011brem na z\u00e1pad. <strong>Od 28.&nbsp;\u010dervence 2025 dojde k&nbsp;p\u0159ehrazen\u00ed ulice v\u00fdchodn\u011b od k\u0159i\u017eovatky s&nbsp;ul. Kamenick\u00e1.<\/strong> S&nbsp;rekonstrukc\u00ed jsou spojena dopravn\u00ed opat\u0159en\u00ed (popsan\u00e1 n\u00ed\u017ee) a&nbsp;omezen\u00ed parkov\u00e1n\u00ed v&nbsp;dot\u010den\u00fdch \u00fasec\u00edch. Pr\u00e1ce zde budou prob\u00edhat do z\u00e1\u0159\u00ed tohoto roku, hlavn\u00ed \u010d\u00e1st bude realizov\u00e1na v&nbsp;pr\u016fb\u011bhu letn\u00edch pr\u00e1zdnin. PPD se omlouv\u00e1 za komplikace a&nbsp;d\u011bkuje za trp\u011blivost a&nbsp;pochopen\u00ed.<\/p>\r\n<p>[\/perex]<\/p>\r\n<p>Pr\u00e1ce na rekonstrukci plynovodu v&nbsp;r\u00e1mci jednotliv\u00fdch etap prob\u00edhaj\u00ed v&nbsp;cel\u00e9 ulici Kosteln\u00ed od v\u00fdchodu na z\u00e1pad a&nbsp;v&nbsp;z\u00e1v\u011bru se p\u0159esunou do okol\u00ed muze\u00ed.<\/p>\r\n<h3>Dopravn\u00ed opat\u0159en\u00ed<\/h3>\r\n<p>Od 28.&nbsp;\u010dervence 2025 dojde k&nbsp;p\u0159ehrazen\u00ed ulice v\u00fdchodn\u011b od k\u0159i\u017eovatky s&nbsp;ul. Kamenick\u00e1. V\u00fdchodn\u00ed \u010d\u00e1st ulice tak bude v&nbsp;pr\u016fb\u011bhu pr\u00e1zdnin pro automobilovou dopravu p\u0159\u00edstupn\u00e1 sm\u011brem od ul. Dukelsk\u00fdch hrdin\u016f, Veverkova a&nbsp;Franti\u0161ka K\u0159\u00ed\u017eka. Do z\u00e1padn\u00ed \u010d\u00e1sti ulice a&nbsp;d\u00e1le do ul. Kamenick\u00e1 se \u0159idi\u010di dostanou p\u0159es ul. Muzejn\u00ed a&nbsp;U&nbsp;Letensk\u00e9ho sadu. Pros\u00edme, sledujte dopravn\u00ed zna\u010den\u00ed v&nbsp;m\u00edst\u011b prac\u00ed.<\/p>\r\n\r\n<figure id=\"attachment_85201\" aria-describedby=\"caption-attachment-85201\" style=\"width: 640px\" class=\"wp-caption alignnone\"><a href=\"https:\/\/www.praha7.cz\/wp-content\/uploads\/2025\/06\/omezeni-prujezdu-letnou-plynari-2025-II-cervenec.png\" target=\"_blank\" rel=\"noopener\"><img loading=\"lazy\" src=\"https:\/\/www.praha7.cz\/wp-content\/uploads\/2025\/06\/omezeni-prujezdu-letnou-plynari-2025-II-cervenec-1500x938.png\" alt=\"\" width=\"640\" height=\"400\" class=\"size-large wp-image-85201\" srcset=\"https:\/\/www.praha7.cz\/wp-content\/uploads\/2025\/06\/omezeni-prujezdu-letnou-plynari-2025-II-cervenec-1500x938.png 1500w, https:\/\/www.praha7.cz\/wp-content\/uploads\/2025\/06\/omezeni-prujezdu-letnou-plynari-2025-II-cervenec-600x375.png 600w, https:\/\/www.praha7.cz\/wp-content\/uploads\/2025\/06\/omezeni-prujezdu-letnou-plynari-2025-II-cervenec-768x480.png 768w, https:\/\/www.praha7.cz\/wp-content\/uploads\/2025\/06\/omezeni-prujezdu-letnou-plynari-2025-II-cervenec-1536x960.png 1536w, https:\/\/www.praha7.cz\/wp-content\/uploads\/2025\/06\/omezeni-prujezdu-letnou-plynari-2025-II-cervenec-2048x1280.png 2048w\" sizes=\"(max-width: 640px) 100vw, 640px\" \/><\/a><figcaption id=\"caption-attachment-85201\" class=\"wp-caption-text\">zelen\u00e9 \u0161ipky: v\u00fdjezdy z&nbsp;oblasti sm\u011br Veletr\u017en\u00ed<\/figcaption><\/figure>\r\n\r\n<p>D\u016fvodem pl\u00e1novan\u00fdch oprav je dlouhodob\u00e9 zaji\u0161t\u011bn\u00ed bezpe\u010dnosti a\u00a0plynulosti dod\u00e1vek zemn\u00edho plynu nejen v\u00a0t\u00e9to oblasti. Uv\u011bdomujeme si, \u017ee rekonstrukce s\u00edt\u00ed s\u00a0sebou p\u0159in\u00e1\u0161ej\u00ed nep\u0159\u00edjemn\u00e1 omezen\u00ed, ale je t\u0159eba do\u017e\u00edvaj\u00edc\u00ed kl\u00ed\u010dovou infrastrukturu (jako jsou plynovody, vodovody, kanalizace apod.) v\u010das opravit, aby se nemusely \u0159e\u0161it \u010dast\u00e9 nep\u0159edv\u00eddateln\u00e9 poruchy a\u00a0s\u00a0nimi spojen\u00e9 nepl\u00e1novan\u00e9 p\u0159eru\u0161en\u00ed\u00a0dopravy \u010di v\u00fdpadky dod\u00e1vek plynu a\u00a0vody.<\/p>\r\n<p>Pro p\u0159\u00edpadn\u00e9 dotazy \u010di p\u0159ipom\u00ednky m\u016f\u017eete vyu\u017e\u00edt kontaktn\u00ed centrum\u00a0<a href=\"https:\/\/www.ppdistribuce.cz\/\" target=\"_blank\" rel=\"noopener\">Pra\u017esk\u00e1 plyn\u00e1rensk\u00e1 Distribuce<\/a>.\u00a0<\/p>","protected":false},"excerpt":{"rendered":"[perex] Pra\u017esk\u00e1 plyn\u00e1rensk\u00e1 Distribuce pokra\u010duje v&nbsp;rekonstrukci plynovodn\u00edho potrub\u00ed v&nbsp;ul. Kosteln\u00ed. Na z\u00e1klad\u011b harmonogramu stanoven\u00e9ho spr\u00e1vcem plynovodu se pr\u00e1ce postupn\u011b posouvaj\u00ed v&nbsp;ulici v\u00fd\u0161e sm\u011brem na z\u00e1pad. Od 28.&nbsp;\u010dervence 2025 dojde k&nbsp;p\u0159ehrazen\u00ed ulice v\u00fdchodn\u011b od k\u0159i\u017eovatky s&nbsp;ul. Kamenick\u00e1. S&nbsp;rekonstrukc\u00ed jsou spojena dopravn\u00ed opat\u0159en\u00ed (popsan\u00e1 n\u00ed\u017ee) a&nbsp;omezen\u00ed parkov\u00e1n\u00ed v&nbsp;dot\u010den\u00fdch \u00fasec\u00edch. Pr\u00e1ce zde budou prob\u00edhat do z\u00e1\u0159\u00ed tohoto roku, [&hellip;]","protected":false},"author":5,"featured_media":84713,"comment_status":"closed","ping_status":"open","sticky":false,"template":"","format":"standard","meta":[],"categories":[34],"tags":[57,125],"_links":{"self":[{"href":"https:\/\/www.praha7.cz\/api\/wp\/v2\/posts\/85200"}],"collection":[{"href":"https:\/\/www.praha7.cz\/api\/wp\/v2\/posts"}],"about":[{"href":"https:\/\/www.praha7.cz\/api\/wp\/v2\/types\/post"}],"author":[{"embeddable":true,"href":"https:\/\/www.praha7.cz\/api\/wp\/v2\/users\/5"}],"replies":[{"embeddable":true,"href":"https:\/\/www.praha7.cz\/api\/wp\/v2\/comments?post=85200"}],"version-history":[{"count":7,"href":"https:\/\/www.praha7.cz\/api\/wp\/v2\/posts\/85200\/revisions"}],"predecessor-version":[{"id":85681,"href":"https:\/\/www.praha7.cz\/api\/wp\/v2\/posts\/85200\/revisions\/85681"}],"wp:featuredmedia":[{"embeddable":true,"href":"https:\/\/www.praha7.cz\/api\/wp\/v2\/media\/84713"}],"wp:attachment":[{"href":"https:\/\/www.praha7.cz\/api\/wp\/v2\/media?parent=85200"}],"wp:term":[{"taxonomy":"category","embeddable":true,"href":"https:\/\/www.praha7.cz\/api\/wp\/v2\/categories?post=85200"},{"taxonomy":"post_tag","embeddable":true,"href":"https:\/\/www.praha7.cz\/api\/wp\/v2\/tags?post=85200"}],"curies":[{"name":"wp","href":"https:\/\/api.w.org\/{rel}","templated":true}]}}