    
{"id":85196,"date":"2025-06-30T10:45:24","date_gmt":"2025-06-30T08:45:24","guid":{"rendered":"https:\/\/www.praha7.cz\/?p=85196"},"modified":"2025-07-07T14:22:31","modified_gmt":"2025-07-07T12:22:31","slug":"letni-vyluka-c-2025","status":"publish","type":"post","link":"https:\/\/www.praha7.cz\/letni-vyluka-c-2025\/","title":{"rendered":"V\u00fdluka metra na lince C od 3.&nbsp;do 6.&nbsp;\u010dervence"},"content":{"rendered":"<p>[perex]<\/p>\r\n<p>Na z\u00e1klad\u011b informac\u00ed DPP upozor\u0148ujeme na opravu trati na lince C, se kterou budou spojeny v\u00fdluky metra na t\u00e9to trase od 3.&nbsp;do 6.&nbsp;\u010dervence 2025.<\/p>\r\n<p>Od \u010dtvrtka 3.&nbsp;\u010dervence do p\u00e1tku 4.&nbsp;\u010dervence bude provoz p\u0159eru\u0161en v&nbsp;\u00faseku N\u00e1dra\u017e\u00ed Hole\u0161ovice &#8211; Pra\u017esk\u00e9ho povst\u00e1n\u00ed. Opat\u0159en\u00ed pro \u010dtvrtek a&nbsp;p\u00e1tek <a href=\"https:\/\/www.dpp.cz\/omezeni-a-mimoradne-udalosti\/detail\/27875\" target=\"_blank\" rel=\"noopener\">zde<\/a><\/p>\r\n<p>Od soboty 5.&nbsp;\u010dervence do ned\u011ble 6.&nbsp;\u010dervence bude provoz p\u0159eru\u0161en v&nbsp;\u00faseku N\u00e1dra\u017e\u00ed Hole\u0161ovice &#8211; I. P. Pavlova. Opat\u0159en\u00ed pro v\u00edkend\u00a0<a href=\"https:\/\/www.dpp.cz\/omezeni-a-mimoradne-udalosti\/detail\/27918\" target=\"_blank\" rel=\"noopener\">tady<\/a>.<\/p>\r\n<p>Ve vylou\u010den\u00fdch \u00fasec\u00edch bude zavedena n\u00e1hradn\u00ed autobusov\u00e1 doprava XC.<\/p>\r\n<p>[\/perex]<\/p>","protected":false},"excerpt":{"rendered":"[perex] Na z\u00e1klad\u011b informac\u00ed DPP upozor\u0148ujeme na opravu trati na lince C, se kterou budou spojeny v\u00fdluky metra na t\u00e9to trase od 3.&nbsp;do 6.&nbsp;\u010dervence 2025. Od \u010dtvrtka 3.&nbsp;\u010dervence do p\u00e1tku 4.&nbsp;\u010dervence bude provoz p\u0159eru\u0161en v&nbsp;\u00faseku N\u00e1dra\u017e\u00ed Hole\u0161ovice &#8211; Pra\u017esk\u00e9ho povst\u00e1n\u00ed. Opat\u0159en\u00ed pro \u010dtvrtek a&nbsp;p\u00e1tek zde Od soboty 5.&nbsp;\u010dervence do ned\u011ble 6.&nbsp;\u010dervence bude provoz p\u0159eru\u0161en v&nbsp;\u00faseku [&hellip;]","protected":false},"author":251,"featured_media":64856,"comment_status":"closed","ping_status":"open","sticky":false,"template":"","format":"standard","meta":[],"categories":[34],"tags":[57],"_links":{"self":[{"href":"https:\/\/www.praha7.cz\/api\/wp\/v2\/posts\/85196"}],"collection":[{"href":"https:\/\/www.praha7.cz\/api\/wp\/v2\/posts"}],"about":[{"href":"https:\/\/www.praha7.cz\/api\/wp\/v2\/types\/post"}],"author":[{"embeddable":true,"href":"https:\/\/www.praha7.cz\/api\/wp\/v2\/users\/251"}],"replies":[{"embeddable":true,"href":"https:\/\/www.praha7.cz\/api\/wp\/v2\/comments?post=85196"}],"version-history":[{"count":9,"href":"https:\/\/www.praha7.cz\/api\/wp\/v2\/posts\/85196\/revisions"}],"predecessor-version":[{"id":85301,"href":"https:\/\/www.praha7.cz\/api\/wp\/v2\/posts\/85196\/revisions\/85301"}],"wp:featuredmedia":[{"embeddable":true,"href":"https:\/\/www.praha7.cz\/api\/wp\/v2\/media\/64856"}],"wp:attachment":[{"href":"https:\/\/www.praha7.cz\/api\/wp\/v2\/media?parent=85196"}],"wp:term":[{"taxonomy":"category","embeddable":true,"href":"https:\/\/www.praha7.cz\/api\/wp\/v2\/categories?post=85196"},{"taxonomy":"post_tag","embeddable":true,"href":"https:\/\/www.praha7.cz\/api\/wp\/v2\/tags?post=85196"}],"curies":[{"name":"wp","href":"https:\/\/api.w.org\/{rel}","templated":true}]}}