    
{"id":85169,"date":"2025-06-25T11:32:51","date_gmt":"2025-06-25T09:32:51","guid":{"rendered":"https:\/\/www.praha7.cz\/?p=85169"},"modified":"2025-07-11T12:00:51","modified_gmt":"2025-07-11T10:00:51","slug":"dukelskych-hrdinu-hotovo","status":"publish","type":"post","link":"https:\/\/www.praha7.cz\/dukelskych-hrdinu-hotovo\/","title":{"rendered":"Pr\u00e1ce v&nbsp;ulici Dukelsk\u00fdch hrdin\u016f dosp\u011bly do fin\u00e1le"},"content":{"rendered":"<p>[perex]<\/p>\r\n<p>\u00a0Ve st\u0159edu 25.&nbsp;6.&nbsp;2025 se otev\u0159el dokon\u010dovan\u00fd \u00fasek ulice Dukelsk\u00fdch hrdin\u016f mezi ul. Veletr\u017en\u00ed a&nbsp;Strojnick\u00e1.<\/p>\r\n<p>[\/perex]<\/p>\r\n<p>Stejn\u011b jako v\u00a0p\u0159edchoz\u00edch etap\u00e1ch rekonstrukce i&nbsp;v\u00a0t\u00e9to \u010d\u00e1sti ulice byla provedena kompletn\u00ed \u00faprava cel\u00e9ho uli\u010dn\u00edho prostoru, prob\u011bhla renovace vodovod\u016f a&nbsp;dal\u0161\u00edch uli\u010dn\u00edch s\u00edt\u00ed, rekonstrukce povrch\u016f vozovek a&nbsp;chodn\u00edk\u016f, \u00faprava tramvajov\u00fdch zast\u00e1vek, osazen\u00ed nov\u00e9ho uli\u010dn\u00edho osv\u011btlen\u00ed, p\u0159\u00edprava prostoru na v\u00fdsadbu strom\u016f i&nbsp;dopln\u011bn\u00ed parkovac\u00edch m\u00edst.<\/p>\r\n<h3>Doprava<\/h3>\r\n<p>K\u0159i\u017eovatka ul. Dukelsk\u00fdch hrdin\u016f x Strojnick\u00e1 se otev\u0159ela pro v\u00fdjezd aut sm\u011brem od Mal\u00e9ho Berl\u00edna a&nbsp;obousm\u011brn\u00fd provoz se vr\u00e1til do z\u00e1padn\u00ed \u010d\u00e1sti Strojnick\u00e9 kolem h\u0159bitova.<\/p>\r\n<h3>Autobus 156<\/h3>\r\n<p>S\u00a0otev\u0159en\u00edm k\u0159i\u017eovatky Strojnick\u00e1 x Dukelsk\u00fdch hrdin\u016f se d\u00edl\u010d\u00edm zp\u016fsobem m\u011bn\u00ed trasa a&nbsp;um\u00edst\u011bn\u00ed zast\u00e1vek linky 156. Viz p\u0159ilo\u017een\u00e9 sch\u00e9ma.<\/p>\r\n<p><a href=\"https:\/\/www.praha7.cz\/wp-content\/uploads\/2025\/06\/Linka-156-schema.pdf\" target=\"_blank\" rel=\"noopener\">Trasa autobusu 156<\/a><\/p>\r\n<h3>Ulice U&nbsp;V\u00fdstavi\u0161t\u011b<\/h3>\r\n<p>Pokra\u010duj\u00ed pr\u00e1ce na rekonstrukci ulice U&nbsp;V\u00fdstavi\u0161t\u011b. Jejich hlavn\u00ed \u010d\u00e1st by m\u011bla b\u00fdt hotov\u00e1 do konce tohoto roku. Tramvaje by se do ulice m\u011bly vr\u00e1tit 11.&nbsp;\u0159\u00edjna 2025.<\/p>","protected":false},"excerpt":{"rendered":"[perex] \u00a0Ve st\u0159edu 25.&nbsp;6.&nbsp;2025 se otev\u0159el dokon\u010dovan\u00fd \u00fasek ulice Dukelsk\u00fdch hrdin\u016f mezi ul. Veletr\u017en\u00ed a&nbsp;Strojnick\u00e1. [\/perex] Stejn\u011b jako v\u00a0p\u0159edchoz\u00edch etap\u00e1ch rekonstrukce i&nbsp;v\u00a0t\u00e9to \u010d\u00e1sti ulice byla provedena kompletn\u00ed \u00faprava cel\u00e9ho uli\u010dn\u00edho prostoru, prob\u011bhla renovace vodovod\u016f a&nbsp;dal\u0161\u00edch uli\u010dn\u00edch s\u00edt\u00ed, rekonstrukce povrch\u016f vozovek a&nbsp;chodn\u00edk\u016f, \u00faprava tramvajov\u00fdch zast\u00e1vek, osazen\u00ed nov\u00e9ho uli\u010dn\u00edho osv\u011btlen\u00ed, p\u0159\u00edprava prostoru na v\u00fdsadbu strom\u016f i&nbsp;dopln\u011bn\u00ed parkovac\u00edch [&hellip;]","protected":false},"author":5,"featured_media":85172,"comment_status":"closed","ping_status":"open","sticky":false,"template":"","format":"standard","meta":[],"categories":[34],"tags":[57,125],"_links":{"self":[{"href":"https:\/\/www.praha7.cz\/api\/wp\/v2\/posts\/85169"}],"collection":[{"href":"https:\/\/www.praha7.cz\/api\/wp\/v2\/posts"}],"about":[{"href":"https:\/\/www.praha7.cz\/api\/wp\/v2\/types\/post"}],"author":[{"embeddable":true,"href":"https:\/\/www.praha7.cz\/api\/wp\/v2\/users\/5"}],"replies":[{"embeddable":true,"href":"https:\/\/www.praha7.cz\/api\/wp\/v2\/comments?post=85169"}],"version-history":[{"count":1,"href":"https:\/\/www.praha7.cz\/api\/wp\/v2\/posts\/85169\/revisions"}],"predecessor-version":[{"id":85173,"href":"https:\/\/www.praha7.cz\/api\/wp\/v2\/posts\/85169\/revisions\/85173"}],"wp:featuredmedia":[{"embeddable":true,"href":"https:\/\/www.praha7.cz\/api\/wp\/v2\/media\/85172"}],"wp:attachment":[{"href":"https:\/\/www.praha7.cz\/api\/wp\/v2\/media?parent=85169"}],"wp:term":[{"taxonomy":"category","embeddable":true,"href":"https:\/\/www.praha7.cz\/api\/wp\/v2\/categories?post=85169"},{"taxonomy":"post_tag","embeddable":true,"href":"https:\/\/www.praha7.cz\/api\/wp\/v2\/tags?post=85169"}],"curies":[{"name":"wp","href":"https:\/\/api.w.org\/{rel}","templated":true}]}}