    
{"id":85142,"date":"2025-06-24T11:21:48","date_gmt":"2025-06-24T09:21:48","guid":{"rendered":"https:\/\/www.praha7.cz\/?p=85142"},"modified":"2025-08-22T14:14:33","modified_gmt":"2025-08-22T12:14:33","slug":"bio-oko-ceka-od-1-cervence-rekonstrukce-salu","status":"publish","type":"post","link":"https:\/\/www.praha7.cz\/bio-oko-ceka-od-1-cervence-rekonstrukce-salu\/","title":{"rendered":"Bio Oko \u010dek\u00e1 od 1.&nbsp;\u010dervence rekonstrukce s\u00e1lu"},"content":{"rendered":"<p>[perex]<\/p>\r\n<p>Obl\u00edben\u00e9 letensk\u00e9 kino se pro div\u00e1ky do\u010dasn\u011b uzav\u0159e 1.&nbsp;\u010dervence 2025, pr\u00e1ce budou prob\u00edhat zhruba do konce \u0159\u00edjna tohoto roku.\u00a0 C\u00edlem rekonstrukce je p\u0159ibl\u00ed\u017eit kino sou\u010dasn\u00fdm standard\u016fm komfortu a&nbsp;kvality projekce a&nbsp;z\u00e1rove\u0148 zachovat \u010di je\u0161t\u011b umocnit jeho jedine\u010dnou atmosf\u00e9ru. A\u010dkoli prom\u00edtac\u00ed s\u00e1l bude muset b\u00fdt b\u011bhem prac\u00ed uzav\u0159en, kav\u00e1rna z\u016fstane po celou dobu v&nbsp;provozu.<\/p>\r\n<p>[\/perex]<\/p>\r\n<p>V r\u00e1mci rekonstrukce budou upraveny interi\u00e9ry s\u00e1lu, kino z\u00edsk\u00e1 pohodln\u00e9 seda\u010dky, kvalitn\u00ed ozvu\u010den\u00ed, akustick\u00e9 prvky, sc\u00e9nick\u00e9 osv\u011btlen\u00ed, nov\u00fd projektor, pl\u00e1tno, oponu i&nbsp;novou bezbari\u00e9rovou plo\u0161inu.<\/p>\r\n<p>Historie funkcionalistick\u00e9 budovy architekt\u016f Josefa \u0160olce a&nbsp;Jaroslava Stockar-Bernkopfa sah\u00e1 do roku 1940. Pl\u00e1novan\u00e9 \u00fapravy jednos\u00e1lov\u00e9ho kina s&nbsp;balkonem vych\u00e1z\u00ed pr\u00e1v\u011b z&nbsp;t\u00e9to doby. Z\u016fstane zachovan\u00fd nezam\u011bniteln\u00fd genius loci, ale z\u00e1rove\u0148 vznikne modern\u00ed kino v&nbsp;nest\u00e1rnouc\u00edm prvorepublikov\u00e9m designu.<\/p>\r\n<p>Jedn\u00e1 se o&nbsp;prvn\u00ed etapu rekonstrukce kina, v&nbsp;dal\u0161\u00edch letech prob\u011bhnou je\u0161t\u011b \u00fapravy p\u0159eds\u00e1l\u00ed, kav\u00e1rny a&nbsp;toalet.<\/p>\r\n<p>&nbsp;<\/p>","protected":false},"excerpt":{"rendered":"[perex] Obl\u00edben\u00e9 letensk\u00e9 kino se pro div\u00e1ky do\u010dasn\u011b uzav\u0159e 1.&nbsp;\u010dervence 2025, pr\u00e1ce budou prob\u00edhat zhruba do konce \u0159\u00edjna tohoto roku.\u00a0 C\u00edlem rekonstrukce je p\u0159ibl\u00ed\u017eit kino sou\u010dasn\u00fdm standard\u016fm komfortu a&nbsp;kvality projekce a&nbsp;z\u00e1rove\u0148 zachovat \u010di je\u0161t\u011b umocnit jeho jedine\u010dnou atmosf\u00e9ru. A\u010dkoli prom\u00edtac\u00ed s\u00e1l bude muset b\u00fdt b\u011bhem prac\u00ed uzav\u0159en, kav\u00e1rna z\u016fstane po celou dobu v&nbsp;provozu. [\/perex] V&nbsp;[&hellip;]","protected":false},"author":251,"featured_media":79252,"comment_status":"closed","ping_status":"open","sticky":false,"template":"","format":"standard","meta":[],"categories":[34,74],"tags":[106,125],"_links":{"self":[{"href":"https:\/\/www.praha7.cz\/api\/wp\/v2\/posts\/85142"}],"collection":[{"href":"https:\/\/www.praha7.cz\/api\/wp\/v2\/posts"}],"about":[{"href":"https:\/\/www.praha7.cz\/api\/wp\/v2\/types\/post"}],"author":[{"embeddable":true,"href":"https:\/\/www.praha7.cz\/api\/wp\/v2\/users\/251"}],"replies":[{"embeddable":true,"href":"https:\/\/www.praha7.cz\/api\/wp\/v2\/comments?post=85142"}],"version-history":[{"count":1,"href":"https:\/\/www.praha7.cz\/api\/wp\/v2\/posts\/85142\/revisions"}],"predecessor-version":[{"id":85143,"href":"https:\/\/www.praha7.cz\/api\/wp\/v2\/posts\/85142\/revisions\/85143"}],"wp:featuredmedia":[{"embeddable":true,"href":"https:\/\/www.praha7.cz\/api\/wp\/v2\/media\/79252"}],"wp:attachment":[{"href":"https:\/\/www.praha7.cz\/api\/wp\/v2\/media?parent=85142"}],"wp:term":[{"taxonomy":"category","embeddable":true,"href":"https:\/\/www.praha7.cz\/api\/wp\/v2\/categories?post=85142"},{"taxonomy":"post_tag","embeddable":true,"href":"https:\/\/www.praha7.cz\/api\/wp\/v2\/tags?post=85142"}],"curies":[{"name":"wp","href":"https:\/\/api.w.org\/{rel}","templated":true}]}}