    
{"id":85081,"date":"2025-06-19T15:56:36","date_gmt":"2025-06-19T13:56:36","guid":{"rendered":"https:\/\/www.praha7.cz\/?p=85081"},"modified":"2025-06-27T13:00:20","modified_gmt":"2025-06-27T11:00:20","slug":"osm-stolpersteinu","status":"publish","type":"post","link":"https:\/\/www.praha7.cz\/osm-stolpersteinu\/","title":{"rendered":"Osm nov\u00fdch stolperstein\u016f"},"content":{"rendered":"<p>[perex]<\/p>\r\n<p>Ve st\u0159edu 18.&nbsp;\u010dervna 2025 p\u0159ibylo v&nbsp;Praze 7 osm nov\u00fdch kamen\u016f zmizel\u00fdch. Tzv. stolpersteiny, kameny, o&nbsp;kter\u00e9 je t\u0159eba klop\u00fdtnout pohledem, p\u0159ipom\u00ednaj\u00ed ob\u011bti nacistick\u00e9ho re\u017eimu. Jsou vsazov\u00e1ny p\u0159ed domovy osob, kter\u00e9 zde kdysi \u017eily, a&nbsp;umo\u017e\u0148uj\u00ed n\u00e1m nezapomenout. Stolpersteiny\u00a0 p\u0159ipom\u00ednaj\u00ed ob\u011bti nacion\u00e1ln\u00edho socialismu, kter\u00e9 byly v&nbsp;letech 1933\u20131945 nacisty pron\u00e1sledov\u00e1ny nebo zavra\u017ed\u011bny.\u00a0<\/p>\r\n<p>[\/perex]<\/p>\r\n<p><a href=\"https:\/\/stolpersteinecz.cz\/mapa\/\" target=\"_blank\" rel=\"noopener\">Mapa stolperstein\u016f v&nbsp;Praze<\/a><\/p>\r\n<p>V Praze je aktu\u00e1ln\u011b 834 kamen\u016f zmizel\u00fdch.<\/p>\r\n<hr \/>\r\n<h3>Nov\u011b polo\u017een\u00e9 stolpersteiny v&nbsp;Praze 7<\/h3>\r\n<p>&nbsp;<\/p>\r\n<p><strong>NAD KR\u00c1LOVSKOU OBOROU 101\/3<\/strong><\/p>\r\n<p>Edvard Kohlbeck<\/p>\r\n<p>Irma Kohlbeckov\u00e1<\/p>\r\n<p><img loading=\"lazy\" src=\"https:\/\/www.praha7.cz\/wp-content\/uploads\/2025\/06\/IMG_7912-1394x1000.jpg\" alt=\"\" width=\"640\" height=\"459\" class=\"alignnone size-large wp-image-85100\" srcset=\"https:\/\/www.praha7.cz\/wp-content\/uploads\/2025\/06\/IMG_7912-1394x1000.jpg 1394w, https:\/\/www.praha7.cz\/wp-content\/uploads\/2025\/06\/IMG_7912-557x400.jpg 557w, https:\/\/www.praha7.cz\/wp-content\/uploads\/2025\/06\/IMG_7912-768x551.jpg 768w, https:\/\/www.praha7.cz\/wp-content\/uploads\/2025\/06\/IMG_7912-1536x1102.jpg 1536w, https:\/\/www.praha7.cz\/wp-content\/uploads\/2025\/06\/IMG_7912-2048x1469.jpg 2048w\" sizes=\"(max-width: 640px) 100vw, 640px\" \/><\/p>\r\n<p>&nbsp;<\/p>\r\n<p><strong>OVENECK\u00c1 348\/36<\/strong><\/p>\r\n<p>Kl\u00e1ra Schwarzov\u00e1<\/p>\r\n<p>Quido Schwarz<\/p>\r\n<p><img loading=\"lazy\" src=\"https:\/\/www.praha7.cz\/wp-content\/uploads\/2025\/06\/IMG_7906-1500x900.jpg\" alt=\"\" width=\"640\" height=\"384\" class=\"alignnone size-large wp-image-85105\" srcset=\"https:\/\/www.praha7.cz\/wp-content\/uploads\/2025\/06\/IMG_7906-1500x900.jpg 1500w, https:\/\/www.praha7.cz\/wp-content\/uploads\/2025\/06\/IMG_7906-600x360.jpg 600w, https:\/\/www.praha7.cz\/wp-content\/uploads\/2025\/06\/IMG_7906-768x461.jpg 768w, https:\/\/www.praha7.cz\/wp-content\/uploads\/2025\/06\/IMG_7906-1536x921.jpg 1536w, https:\/\/www.praha7.cz\/wp-content\/uploads\/2025\/06\/IMG_7906-2048x1228.jpg 2048w\" sizes=\"(max-width: 640px) 100vw, 640px\" \/><\/p>\r\n<p>&nbsp;<\/p>\r\n<p><strong>PPLK. SOCHORA 740\/34<\/strong><\/p>\r\n<p>Gerta Pergamenterov\u00e1<\/p>\r\n<p>Otto Pergamenter<\/p>\r\n<p><img loading=\"lazy\" src=\"https:\/\/www.praha7.cz\/wp-content\/uploads\/2025\/06\/IMG_7979-1500x844.jpg\" alt=\"\" width=\"640\" height=\"360\" class=\"alignnone size-large wp-image-85104\" srcset=\"https:\/\/www.praha7.cz\/wp-content\/uploads\/2025\/06\/IMG_7979-1500x844.jpg 1500w, https:\/\/www.praha7.cz\/wp-content\/uploads\/2025\/06\/IMG_7979-600x338.jpg 600w, https:\/\/www.praha7.cz\/wp-content\/uploads\/2025\/06\/IMG_7979-768x432.jpg 768w, https:\/\/www.praha7.cz\/wp-content\/uploads\/2025\/06\/IMG_7979-1536x864.jpg 1536w, https:\/\/www.praha7.cz\/wp-content\/uploads\/2025\/06\/IMG_7979-2048x1152.jpg 2048w\" sizes=\"(max-width: 640px) 100vw, 640px\" \/><\/p>\r\n<p>&nbsp;<\/p>\r\n<p><strong>D\u011aLNICK\u00c1 897\/31<\/strong><\/p>\r\n<p>Ludv\u00edk Furnberg<\/p>\r\n<p>Gerhart Furnberg<\/p>\r\n<p><img loading=\"lazy\" src=\"https:\/\/www.praha7.cz\/wp-content\/uploads\/2025\/06\/IMG_7970-1500x843.jpg\" alt=\"\" width=\"640\" height=\"360\" class=\"alignnone size-large wp-image-85103\" srcset=\"https:\/\/www.praha7.cz\/wp-content\/uploads\/2025\/06\/IMG_7970-1500x843.jpg 1500w, https:\/\/www.praha7.cz\/wp-content\/uploads\/2025\/06\/IMG_7970-600x337.jpg 600w, https:\/\/www.praha7.cz\/wp-content\/uploads\/2025\/06\/IMG_7970-768x432.jpg 768w, https:\/\/www.praha7.cz\/wp-content\/uploads\/2025\/06\/IMG_7970-1536x863.jpg 1536w, https:\/\/www.praha7.cz\/wp-content\/uploads\/2025\/06\/IMG_7970-2048x1151.jpg 2048w\" sizes=\"(max-width: 640px) 100vw, 640px\" \/><\/p>\r\n<p>&nbsp;<\/p>\r\n<p>&nbsp;<\/p>","protected":false},"excerpt":{"rendered":"[perex] Ve st\u0159edu 18.&nbsp;\u010dervna 2025 p\u0159ibylo v&nbsp;Praze 7 osm nov\u00fdch kamen\u016f zmizel\u00fdch. Tzv. stolpersteiny, kameny, o&nbsp;kter\u00e9 je t\u0159eba klop\u00fdtnout pohledem, p\u0159ipom\u00ednaj\u00ed ob\u011bti nacistick\u00e9ho re\u017eimu. Jsou vsazov\u00e1ny p\u0159ed domovy osob, kter\u00e9 zde kdysi \u017eily, a&nbsp;umo\u017e\u0148uj\u00ed n\u00e1m nezapomenout. Stolpersteiny\u00a0 p\u0159ipom\u00ednaj\u00ed ob\u011bti nacion\u00e1ln\u00edho socialismu, kter\u00e9 byly v&nbsp;letech 1933\u20131945 nacisty pron\u00e1sledov\u00e1ny nebo zavra\u017ed\u011bny.\u00a0 [\/perex] Mapa stolperstein\u016f v&nbsp;Praze V&nbsp;Praze [&hellip;]","protected":false},"author":251,"featured_media":85101,"comment_status":"closed","ping_status":"open","sticky":false,"template":"","format":"standard","meta":[],"categories":[34],"tags":[135,110],"_links":{"self":[{"href":"https:\/\/www.praha7.cz\/api\/wp\/v2\/posts\/85081"}],"collection":[{"href":"https:\/\/www.praha7.cz\/api\/wp\/v2\/posts"}],"about":[{"href":"https:\/\/www.praha7.cz\/api\/wp\/v2\/types\/post"}],"author":[{"embeddable":true,"href":"https:\/\/www.praha7.cz\/api\/wp\/v2\/users\/251"}],"replies":[{"embeddable":true,"href":"https:\/\/www.praha7.cz\/api\/wp\/v2\/comments?post=85081"}],"version-history":[{"count":4,"href":"https:\/\/www.praha7.cz\/api\/wp\/v2\/posts\/85081\/revisions"}],"predecessor-version":[{"id":85109,"href":"https:\/\/www.praha7.cz\/api\/wp\/v2\/posts\/85081\/revisions\/85109"}],"wp:featuredmedia":[{"embeddable":true,"href":"https:\/\/www.praha7.cz\/api\/wp\/v2\/media\/85101"}],"wp:attachment":[{"href":"https:\/\/www.praha7.cz\/api\/wp\/v2\/media?parent=85081"}],"wp:term":[{"taxonomy":"category","embeddable":true,"href":"https:\/\/www.praha7.cz\/api\/wp\/v2\/categories?post=85081"},{"taxonomy":"post_tag","embeddable":true,"href":"https:\/\/www.praha7.cz\/api\/wp\/v2\/tags?post=85081"}],"curies":[{"name":"wp","href":"https:\/\/api.w.org\/{rel}","templated":true}]}}