    
{"id":85073,"date":"2025-06-19T11:54:12","date_gmt":"2025-06-19T09:54:12","guid":{"rendered":"https:\/\/www.praha7.cz\/?p=85073"},"modified":"2025-07-01T16:40:22","modified_gmt":"2025-07-01T14:40:22","slug":"plakaty-k-ucteni-pamatky-milady-horakove","status":"publish","type":"post","link":"https:\/\/www.praha7.cz\/plakaty-k-ucteni-pamatky-milady-horakove\/","title":{"rendered":"Plak\u00e1ty k&nbsp;uct\u011bn\u00ed pam\u00e1tky Milady Hor\u00e1kov\u00e9"},"content":{"rendered":"<p>[perex]<\/p>\r\n<p>U p\u0159\u00edle\u017eitosti 75.&nbsp;v\u00fdro\u010d\u00ed justi\u010dn\u00ed vra\u017edy Milady Hor\u00e1kov\u00e9 jsme pro v\u00e1s p\u0159ipravili plak\u00e1ty, kter\u00fdmi si m\u016f\u017eete tuto v\u00fdjime\u010dnou osobnost p\u0159ipomenout. K&nbsp;vyzvednut\u00ed zdarma budou od pond\u011bl\u00ed 23.&nbsp;\u010dervna 2025 na radnici (U&nbsp;Pr\u016fhonu 38) nebo d\u00edky laskavosti obchodu <a href=\"https:\/\/www.nila.cz\/\" target=\"_blank\" rel=\"noopener\">Nila<\/a> v&nbsp;jejich pobo\u010dce v&nbsp;ulici Milady Hor\u00e1kov\u00e9 4 (hned vedle na\u0161eho IC, kter\u00e9 je aktu\u00e1ln\u011b v&nbsp;rekonstrukci).<\/p>\r\n<p>[\/perex]<\/p>\r\n<p>Autorkou plak\u00e1tu je um\u011blkyn\u011b Toy_Boy, portr\u00e9t Milady Hor\u00e1kov\u00e9 vych\u00e1z\u00ed z&nbsp;<a href=\"https:\/\/www.praha7.cz\/mural-milady-horakove\/\" target=\"_blank\" rel=\"noopener\">muralu<\/a> na fas\u00e1d\u011b domu Milady Hor\u00e1kov\u00e9 4. Zveme v\u00e1s tak\u00e9 na tradi\u010dn\u00ed <a href=\"https:\/\/www.praha7.cz\/den-pamatky-obeti-komunistickeho-rezimu-5\/\" target=\"_blank\" rel=\"noopener\">pietn\u00ed akt<\/a>, kter\u00fd se uskute\u010dn\u00ed v&nbsp;p\u00e1tek 27.&nbsp;\u010dervna v&nbsp;10.00 u&nbsp;pam\u011btn\u00ed desky Milady Hor\u00e1kov\u00e9 2.<\/p>\r\n<p><img loading=\"lazy\" src=\"https:\/\/www.praha7.cz\/wp-content\/uploads\/2025\/05\/mural_sirka-1500x920.jpg\" alt=\"\" width=\"640\" height=\"393\" class=\"alignnone size-large wp-image-84607\" srcset=\"https:\/\/www.praha7.cz\/wp-content\/uploads\/2025\/05\/mural_sirka-1500x920.jpg 1500w, https:\/\/www.praha7.cz\/wp-content\/uploads\/2025\/05\/mural_sirka-600x368.jpg 600w, https:\/\/www.praha7.cz\/wp-content\/uploads\/2025\/05\/mural_sirka-768x471.jpg 768w, https:\/\/www.praha7.cz\/wp-content\/uploads\/2025\/05\/mural_sirka-1536x942.jpg 1536w, https:\/\/www.praha7.cz\/wp-content\/uploads\/2025\/05\/mural_sirka-2048x1256.jpg 2048w\" sizes=\"(max-width: 640px) 100vw, 640px\" \/><\/p>","protected":false},"excerpt":{"rendered":"[perex] U&nbsp;p\u0159\u00edle\u017eitosti 75.&nbsp;v\u00fdro\u010d\u00ed justi\u010dn\u00ed vra\u017edy Milady Hor\u00e1kov\u00e9 jsme pro v\u00e1s p\u0159ipravili plak\u00e1ty, kter\u00fdmi si m\u016f\u017eete tuto v\u00fdjime\u010dnou osobnost p\u0159ipomenout. K&nbsp;vyzvednut\u00ed zdarma budou od pond\u011bl\u00ed 23.&nbsp;\u010dervna 2025 na radnici (U&nbsp;Pr\u016fhonu 38) nebo d\u00edky laskavosti obchodu Nila v&nbsp;jejich pobo\u010dce v&nbsp;ulici Milady Hor\u00e1kov\u00e9 4 (hned vedle na\u0161eho IC, kter\u00e9 je aktu\u00e1ln\u011b v&nbsp;rekonstrukci). [\/perex] Autorkou plak\u00e1tu je um\u011blkyn\u011b [&hellip;]","protected":false},"author":251,"featured_media":85078,"comment_status":"closed","ping_status":"open","sticky":false,"template":"","format":"standard","meta":[],"categories":[34],"tags":[135],"_links":{"self":[{"href":"https:\/\/www.praha7.cz\/api\/wp\/v2\/posts\/85073"}],"collection":[{"href":"https:\/\/www.praha7.cz\/api\/wp\/v2\/posts"}],"about":[{"href":"https:\/\/www.praha7.cz\/api\/wp\/v2\/types\/post"}],"author":[{"embeddable":true,"href":"https:\/\/www.praha7.cz\/api\/wp\/v2\/users\/251"}],"replies":[{"embeddable":true,"href":"https:\/\/www.praha7.cz\/api\/wp\/v2\/comments?post=85073"}],"version-history":[{"count":1,"href":"https:\/\/www.praha7.cz\/api\/wp\/v2\/posts\/85073\/revisions"}],"predecessor-version":[{"id":85079,"href":"https:\/\/www.praha7.cz\/api\/wp\/v2\/posts\/85073\/revisions\/85079"}],"wp:featuredmedia":[{"embeddable":true,"href":"https:\/\/www.praha7.cz\/api\/wp\/v2\/media\/85078"}],"wp:attachment":[{"href":"https:\/\/www.praha7.cz\/api\/wp\/v2\/media?parent=85073"}],"wp:term":[{"taxonomy":"category","embeddable":true,"href":"https:\/\/www.praha7.cz\/api\/wp\/v2\/categories?post=85073"},{"taxonomy":"post_tag","embeddable":true,"href":"https:\/\/www.praha7.cz\/api\/wp\/v2\/tags?post=85073"}],"curies":[{"name":"wp","href":"https:\/\/api.w.org\/{rel}","templated":true}]}}