    
{"id":85071,"date":"2025-06-19T11:46:43","date_gmt":"2025-06-19T09:46:43","guid":{"rendered":"https:\/\/www.praha7.cz\/?p=85071"},"modified":"2025-06-23T00:39:14","modified_gmt":"2025-06-22T22:39:14","slug":"vyluka-tramvaji-22-6","status":"publish","type":"post","link":"https:\/\/www.praha7.cz\/vyluka-tramvaji-22-6\/","title":{"rendered":"V\u00fdluka tramvaj\u00ed Strossmayerovo n\u00e1m. \u2013 V\u00fdstavi\u0161t\u011b v&nbsp;ned\u011bli 22.&nbsp;6."},"content":{"rendered":"<p>[perex]<\/p>\r\n<p>Z d\u016fvodu prac\u00ed na tramvajov\u00e9 trati dojde v&nbsp;ned\u011bli 22.&nbsp;\u010dervna 2025 od 7.30 do 18.00 k&nbsp;obousm\u011brn\u00e9mu p\u0159eru\u0161en\u00ed provozu tramvaj\u00ed v&nbsp;\u00faseku Strossmayerovo n\u00e1m\u011bst\u00ed \u2013 V\u00fdstavi\u0161t\u011b. V\u00fdluka se dotkne tramvajov\u00fdch linek 6 a&nbsp;17, zaveden bude mimo\u0159\u00e1dn\u00fd provoz linky 156.<\/p>\r\n<p>[\/perex]<\/p>\r\n<h3>Zm\u011bny tras tramvajov\u00fdch linek<\/h3>\r\n<p><strong>Linky \u010d\u00edslo 6 a&nbsp;17<\/strong> \u2026 Strossmayerovo n\u00e1m\u011bst\u00ed \u2013 Letensk\u00e9 n\u00e1m\u011bst\u00ed \u2013 \u0160PEJCHAR.<\/p>\r\n<p>&nbsp;<\/p>\r\n<h3>Zm\u011bny v&nbsp;provozu autobus\u016f<\/h3>\r\n<p>Po dobu v\u00fdluky jsou zavedeny spoje <strong>linky \u010d\u00edslo 156<\/strong> v&nbsp;uveden\u00e9m sm\u011bru v&nbsp;trase Vltavsk\u00e1 \u2013 Strossmayerovo n\u00e1m\u011bst\u00ed \u2013 OC Stromovka \u2013 Mal\u00fd Berl\u00edn \u2013 \u0158ez\u00e1\u010dovo n\u00e1m\u011bst\u00ed \u2013 Bubensk\u00e1 \u2013 Vltavsk\u00e1.<\/p>\r\n<p>&nbsp;<\/p>\r\n<p><a href=\"https:\/\/www.dpp.cz\/omezeni-a-mimoradne-udalosti\/detail\/27740\" target=\"_blank\" rel=\"noopener\">V\u00edce na str\u00e1nk\u00e1ch DPP.<\/a><\/p>\r\n<p>&nbsp;<\/p>\r\n<p><a href=\"https:\/\/www.praha7.cz\/wp-content\/uploads\/2025\/06\/Schema_provozu_Strossmyerovo_namesti_Vystaviste_22_6_2025-1.png\" target=\"_blank\" rel=\"noopener\"><img loading=\"lazy\" src=\"https:\/\/www.praha7.cz\/wp-content\/uploads\/2025\/06\/Schema_provozu_Strossmyerovo_namesti_Vystaviste_22_6_2025-1-1487x1000.png\" alt=\"\" width=\"640\" height=\"430\" class=\"alignnone size-large wp-image-85074\" srcset=\"https:\/\/www.praha7.cz\/wp-content\/uploads\/2025\/06\/Schema_provozu_Strossmyerovo_namesti_Vystaviste_22_6_2025-1-1487x1000.png 1487w, https:\/\/www.praha7.cz\/wp-content\/uploads\/2025\/06\/Schema_provozu_Strossmyerovo_namesti_Vystaviste_22_6_2025-1-595x400.png 595w, https:\/\/www.praha7.cz\/wp-content\/uploads\/2025\/06\/Schema_provozu_Strossmyerovo_namesti_Vystaviste_22_6_2025-1-768x516.png 768w, https:\/\/www.praha7.cz\/wp-content\/uploads\/2025\/06\/Schema_provozu_Strossmyerovo_namesti_Vystaviste_22_6_2025-1-1536x1033.png 1536w, https:\/\/www.praha7.cz\/wp-content\/uploads\/2025\/06\/Schema_provozu_Strossmyerovo_namesti_Vystaviste_22_6_2025-1-2048x1377.png 2048w\" sizes=\"(max-width: 640px) 100vw, 640px\" \/><\/a><\/p>","protected":false},"excerpt":{"rendered":"[perex] Z&nbsp;d\u016fvodu prac\u00ed na tramvajov\u00e9 trati dojde v&nbsp;ned\u011bli 22.&nbsp;\u010dervna 2025 od 7.30 do 18.00 k&nbsp;obousm\u011brn\u00e9mu p\u0159eru\u0161en\u00ed provozu tramvaj\u00ed v&nbsp;\u00faseku Strossmayerovo n\u00e1m\u011bst\u00ed \u2013 V\u00fdstavi\u0161t\u011b. V\u00fdluka se dotkne tramvajov\u00fdch linek 6 a&nbsp;17, zaveden bude mimo\u0159\u00e1dn\u00fd provoz linky 156. [\/perex] Zm\u011bny tras tramvajov\u00fdch linek Linky \u010d\u00edslo 6 a&nbsp;17 \u2026 Strossmayerovo n\u00e1m\u011bst\u00ed \u2013 Letensk\u00e9 n\u00e1m\u011bst\u00ed \u2013 \u0160PEJCHAR. &nbsp; [&hellip;]","protected":false},"author":5,"featured_media":40283,"comment_status":"closed","ping_status":"open","sticky":false,"template":"","format":"standard","meta":[],"categories":[34],"tags":[57],"_links":{"self":[{"href":"https:\/\/www.praha7.cz\/api\/wp\/v2\/posts\/85071"}],"collection":[{"href":"https:\/\/www.praha7.cz\/api\/wp\/v2\/posts"}],"about":[{"href":"https:\/\/www.praha7.cz\/api\/wp\/v2\/types\/post"}],"author":[{"embeddable":true,"href":"https:\/\/www.praha7.cz\/api\/wp\/v2\/users\/5"}],"replies":[{"embeddable":true,"href":"https:\/\/www.praha7.cz\/api\/wp\/v2\/comments?post=85071"}],"version-history":[{"count":3,"href":"https:\/\/www.praha7.cz\/api\/wp\/v2\/posts\/85071\/revisions"}],"predecessor-version":[{"id":85077,"href":"https:\/\/www.praha7.cz\/api\/wp\/v2\/posts\/85071\/revisions\/85077"}],"wp:featuredmedia":[{"embeddable":true,"href":"https:\/\/www.praha7.cz\/api\/wp\/v2\/media\/40283"}],"wp:attachment":[{"href":"https:\/\/www.praha7.cz\/api\/wp\/v2\/media?parent=85071"}],"wp:term":[{"taxonomy":"category","embeddable":true,"href":"https:\/\/www.praha7.cz\/api\/wp\/v2\/categories?post=85071"},{"taxonomy":"post_tag","embeddable":true,"href":"https:\/\/www.praha7.cz\/api\/wp\/v2\/tags?post=85071"}],"curies":[{"name":"wp","href":"https:\/\/api.w.org\/{rel}","templated":true}]}}