    
{"id":84986,"date":"2025-06-19T18:11:48","date_gmt":"2025-06-19T16:11:48","guid":{"rendered":"https:\/\/www.praha7.cz\/?p=84986"},"modified":"2025-06-19T18:13:32","modified_gmt":"2025-06-19T16:13:32","slug":"hobulet-6-25","status":"publish","type":"post","link":"https:\/\/www.praha7.cz\/hobulet-6-25\/","title":{"rendered":"\u010ct\u011bte \u010dervnov\u00fd Hobulet"},"content":{"rendered":"<p>[perex]<\/p>\r\n<p>\u201eKdy\u017e jsem n\u011bkomu \u0159ekl, \u017ee pracuju v&nbsp;planet\u00e1riu, prvn\u00ed, co jsem od toho \u010dlov\u011bka sly\u0161el, bylo: \u201aJ\u00e9, tam jsem byl naposledy se \u0161kolou!\u2018 A&nbsp;j\u00e1 jsem si um\u00ednil, \u017ee tuhle v\u011btu zkr\u00e1tka vym\u00fdt\u00edm,\u201c \u0159\u00edk\u00e1 Jakub Rozehnal, \u0159editel pr\u00e1v\u011b otev\u0159en\u00e9ho planet\u00e1ria. S&nbsp;\u010dervnov\u00fdm Hobuletem se pod\u00edv\u00e1te nejen do kosmu, ale i&nbsp;na d\u016fle\u017eitou profesi soci\u00e1ln\u00edho pedagoga nebo do sv\u011bta parkourist\u016f. P\u0159in\u00e1\u0161\u00edme komiks o&nbsp;\u017eivot\u011b Milady Hor\u00e1kov\u00e9 a&nbsp;tak\u00e9 texty z&nbsp;liter\u00e1rn\u00ed sout\u011b\u017ee Z\u0160 T. G. Masaryka. A&nbsp;jako v\u017edy rubriky Aktivn\u00ed 7 a&nbsp;Stalo se, kulturn\u00ed p\u0159ehled, str\u00e1nku pro d\u011bti a&nbsp;\u0159adu informac\u00ed z&nbsp;na\u0161\u00ed \u010dtvrti.<\/p>\r\n<p>[\/perex]<\/p>\r\n<p>Hobuletem m\u016f\u017eete listovat tak\u00e9 <a href=\"https:\/\/zpravodaj.munipolis.cz\/praha7\/cerven-2025\/\" target=\"_blank\" rel=\"noopener\">online<\/a>. Ilustracemi toto \u010d\u00edslo doprovodil Hsu Peng Hsiung, fotografoval Maxim Stano.<\/p>\r\n<hr \/>\r\n<p>Nedorazil v\u00e1m Hobulet do schr\u00e1nky? Napi\u0161te n\u00e1m pros\u00edm na e-mail <a href=\"mailto:lopezp@praha7.cz\">lopezp@praha7.cz<\/a>, situaci prov\u011b\u0159\u00edme u&nbsp;doru\u010dovatele.<\/p>\r\n<p>Archiv m\u011bs\u00ed\u010dn\u00edku m\u011bstsk\u00e9 \u010d\u00e1sti Praha&nbsp;7 Hobulet najdete\u00a0<a href=\"https:\/\/www.praha7.cz\/hobulet\/archiv-hobuletu\/\">zde<\/a>.<\/p>","protected":false},"excerpt":{"rendered":"[perex] \u201eKdy\u017e jsem n\u011bkomu \u0159ekl, \u017ee pracuju v&nbsp;planet\u00e1riu, prvn\u00ed, co jsem od toho \u010dlov\u011bka sly\u0161el, bylo: \u201aJ\u00e9, tam jsem byl naposledy se \u0161kolou!\u2018 A&nbsp;j\u00e1 jsem si um\u00ednil, \u017ee tuhle v\u011btu zkr\u00e1tka vym\u00fdt\u00edm,\u201c \u0159\u00edk\u00e1 Jakub Rozehnal, \u0159editel pr\u00e1v\u011b otev\u0159en\u00e9ho planet\u00e1ria. S&nbsp;\u010dervnov\u00fdm Hobuletem se pod\u00edv\u00e1te nejen do kosmu, ale i&nbsp;na d\u016fle\u017eitou profesi soci\u00e1ln\u00edho pedagoga nebo do sv\u011bta [&hellip;]","protected":false},"author":251,"featured_media":85111,"comment_status":"closed","ping_status":"open","sticky":false,"template":"","format":"standard","meta":[],"categories":[34],"tags":[116],"_links":{"self":[{"href":"https:\/\/www.praha7.cz\/api\/wp\/v2\/posts\/84986"}],"collection":[{"href":"https:\/\/www.praha7.cz\/api\/wp\/v2\/posts"}],"about":[{"href":"https:\/\/www.praha7.cz\/api\/wp\/v2\/types\/post"}],"author":[{"embeddable":true,"href":"https:\/\/www.praha7.cz\/api\/wp\/v2\/users\/251"}],"replies":[{"embeddable":true,"href":"https:\/\/www.praha7.cz\/api\/wp\/v2\/comments?post=84986"}],"version-history":[{"count":3,"href":"https:\/\/www.praha7.cz\/api\/wp\/v2\/posts\/84986\/revisions"}],"predecessor-version":[{"id":85112,"href":"https:\/\/www.praha7.cz\/api\/wp\/v2\/posts\/84986\/revisions\/85112"}],"wp:featuredmedia":[{"embeddable":true,"href":"https:\/\/www.praha7.cz\/api\/wp\/v2\/media\/85111"}],"wp:attachment":[{"href":"https:\/\/www.praha7.cz\/api\/wp\/v2\/media?parent=84986"}],"wp:term":[{"taxonomy":"category","embeddable":true,"href":"https:\/\/www.praha7.cz\/api\/wp\/v2\/categories?post=84986"},{"taxonomy":"post_tag","embeddable":true,"href":"https:\/\/www.praha7.cz\/api\/wp\/v2\/tags?post=84986"}],"curies":[{"name":"wp","href":"https:\/\/api.w.org\/{rel}","templated":true}]}}