    
{"id":84924,"date":"2025-06-13T17:24:12","date_gmt":"2025-06-13T15:24:12","guid":{"rendered":"https:\/\/www.praha7.cz\/?p=84924"},"modified":"2025-06-24T10:40:39","modified_gmt":"2025-06-24T08:40:39","slug":"docasne-omezeni-na-cyklostezce-a1-v-useku-portu-7","status":"publish","type":"post","link":"https:\/\/www.praha7.cz\/docasne-omezeni-na-cyklostezce-a1-v-useku-portu-7\/","title":{"rendered":"Do\u010dasn\u00e9 omezen\u00ed na cyklostezce A1 v&nbsp;\u00faseku Portu 7"},"content":{"rendered":"<p>[perex]<\/p>\r\n<p>V r\u00e1mci akce <a href=\"https:\/\/www.redbull.com\/cz-cs\/events\/red-bull-kolo-molo-ceska-republika\" target=\"_blank\" rel=\"noopener\">Red Bull Kolo Molo<\/a> dojde k&nbsp;dopravn\u00edmu omezen\u00ed v&nbsp;oblasti cyklostezky A1 v&nbsp;\u00faseku proch\u00e1zej\u00edc\u00ed pozemkem are\u00e1lu Portu 7 ve dnech 16.&nbsp;a\u017e 24.&nbsp;\u010dervna 2025. Ve dnech 16.&nbsp;a\u017e 20.&nbsp;\u010dervna bude cyklostezka kompletn\u011b uzav\u0159ena z&nbsp;d\u016fvodu pohybu techniky v&nbsp;are\u00e1lu v&nbsp;r\u00e1mci instala\u010dn\u00edch prac\u00ed akce, na za\u010d\u00e1tku uzav\u00edrky bude ozna\u010dena dopravn\u00edm zna\u010den\u00edm obchoz\u00ed trasa pro p\u011b\u0161\u00ed a&nbsp;tak\u00e9 obj\u00edzdn\u00e1 trasa pro cyklisty.<\/p>\r\n<p>[\/perex]<\/p>\r\n<p>Red Bull Kolo Molo je netradi\u010dn\u00ed cyklistick\u00e1 sportovn\u00ed ud\u00e1lost, kter\u00e1 se bude konat v&nbsp;hole\u0161ovick\u00e9m Portu 7. Je inspirovan\u00e1 \u00fasp\u011b\u0161n\u00fdm nizozemsk\u00fdm konceptem, kter\u00fd poprv\u00e9 rozjel ped\u00e1ly v&nbsp;Haagu v&nbsp;roce 2023. Dvou\u010dlenn\u00e9 t\u00fdmy si postav\u00ed vlastn\u00ed tandemov\u00e9 kolo a&nbsp;pokus\u00ed se zdolat \u00fazkou dr\u00e1hu plnou p\u0159ek\u00e1\u017eek postavenou p\u0159\u00edmo nad hladinou Vltavy. \u00dakol z\u00e1vodn\u00edk\u016f je jasn\u00fd: dojet a\u017e na konec, zazvonit na zvonec a&nbsp;hlavn\u011b se b\u011bhem toho nevykoupat. Start z\u00e1vodu bude 21.&nbsp;\u010dervna 2025 v&nbsp;13.00. Samotn\u00e1 akce je ve\u0159ejn\u011b p\u0159\u00edstupn\u00e1 bez vstupn\u00e9ho.<\/p>\r\n<p>&nbsp;<\/p>\r\n<p><a href=\"https:\/\/www.praha7.cz\/wp-content\/uploads\/2025\/06\/omezeni-cyklo-Port7.png\"><img loading=\"lazy\" src=\"https:\/\/www.praha7.cz\/wp-content\/uploads\/2025\/06\/omezeni-cyklo-Port7.png\" alt=\"\" width=\"1124\" height=\"668\" class=\"alignnone size-full wp-image-84926\" srcset=\"https:\/\/www.praha7.cz\/wp-content\/uploads\/2025\/06\/omezeni-cyklo-Port7.png 1124w, https:\/\/www.praha7.cz\/wp-content\/uploads\/2025\/06\/omezeni-cyklo-Port7-600x357.png 600w, https:\/\/www.praha7.cz\/wp-content\/uploads\/2025\/06\/omezeni-cyklo-Port7-768x456.png 768w\" sizes=\"(max-width: 1124px) 100vw, 1124px\" \/><\/a><\/p>","protected":false},"excerpt":{"rendered":"[perex] V&nbsp;r\u00e1mci akce Red Bull Kolo Molo dojde k&nbsp;dopravn\u00edmu omezen\u00ed v&nbsp;oblasti cyklostezky A1 v&nbsp;\u00faseku proch\u00e1zej\u00edc\u00ed pozemkem are\u00e1lu Portu 7 ve dnech 16.&nbsp;a\u017e 24.&nbsp;\u010dervna 2025. Ve dnech 16.&nbsp;a\u017e 20.&nbsp;\u010dervna bude cyklostezka kompletn\u011b uzav\u0159ena z&nbsp;d\u016fvodu pohybu techniky v&nbsp;are\u00e1lu v&nbsp;r\u00e1mci instala\u010dn\u00edch prac\u00ed akce, na za\u010d\u00e1tku uzav\u00edrky bude ozna\u010dena dopravn\u00edm zna\u010den\u00edm obchoz\u00ed trasa pro p\u011b\u0161\u00ed a&nbsp;tak\u00e9 obj\u00edzdn\u00e1 trasa [&hellip;]","protected":false},"author":251,"featured_media":84925,"comment_status":"closed","ping_status":"open","sticky":false,"template":"","format":"standard","meta":[],"categories":[34],"tags":[122,91],"_links":{"self":[{"href":"https:\/\/www.praha7.cz\/api\/wp\/v2\/posts\/84924"}],"collection":[{"href":"https:\/\/www.praha7.cz\/api\/wp\/v2\/posts"}],"about":[{"href":"https:\/\/www.praha7.cz\/api\/wp\/v2\/types\/post"}],"author":[{"embeddable":true,"href":"https:\/\/www.praha7.cz\/api\/wp\/v2\/users\/251"}],"replies":[{"embeddable":true,"href":"https:\/\/www.praha7.cz\/api\/wp\/v2\/comments?post=84924"}],"version-history":[{"count":3,"href":"https:\/\/www.praha7.cz\/api\/wp\/v2\/posts\/84924\/revisions"}],"predecessor-version":[{"id":84929,"href":"https:\/\/www.praha7.cz\/api\/wp\/v2\/posts\/84924\/revisions\/84929"}],"wp:featuredmedia":[{"embeddable":true,"href":"https:\/\/www.praha7.cz\/api\/wp\/v2\/media\/84925"}],"wp:attachment":[{"href":"https:\/\/www.praha7.cz\/api\/wp\/v2\/media?parent=84924"}],"wp:term":[{"taxonomy":"category","embeddable":true,"href":"https:\/\/www.praha7.cz\/api\/wp\/v2\/categories?post=84924"},{"taxonomy":"post_tag","embeddable":true,"href":"https:\/\/www.praha7.cz\/api\/wp\/v2\/tags?post=84924"}],"curies":[{"name":"wp","href":"https:\/\/api.w.org\/{rel}","templated":true}]}}