    
{"id":84911,"date":"2025-06-13T09:39:10","date_gmt":"2025-06-13T07:39:10","guid":{"rendered":"https:\/\/www.praha7.cz\/?p=84911"},"modified":"2025-06-27T13:28:25","modified_gmt":"2025-06-27T11:28:25","slug":"den-pamatky-obeti-komunistickeho-rezimu-5","status":"publish","type":"post","link":"https:\/\/www.praha7.cz\/den-pamatky-obeti-komunistickeho-rezimu-5\/","title":{"rendered":"Den pam\u00e1tky ob\u011bt\u00ed komunistick\u00e9ho re\u017eimu"},"content":{"rendered":"<p>[perex]<\/p>\r\n<p>Zveme v\u00e1s na pietn\u00ed akt, p\u0159i n\u011bm\u017e uct\u00edme pam\u00e1tku ob\u011bt\u00ed komunistick\u00e9ho re\u017eimu a&nbsp;pam\u00e1tku JUDr. Milady Hor\u00e1kov\u00e9. Setk\u00e1n\u00ed se uskute\u010dn\u00ed u&nbsp;pam\u011btn\u00ed desky JUDr. Milady Hor\u00e1kov\u00e9 v&nbsp;ulici Milady Hor\u00e1kov\u00e9 2 v&nbsp;p\u00e1tek 27.&nbsp;\u010dervna 2025 v&nbsp;10 hodin.<\/p>\r\n<p>[\/perex]<\/p>","protected":false},"excerpt":{"rendered":"[perex] Zveme v\u00e1s na pietn\u00ed akt, p\u0159i n\u011bm\u017e uct\u00edme pam\u00e1tku ob\u011bt\u00ed komunistick\u00e9ho re\u017eimu a&nbsp;pam\u00e1tku JUDr. Milady Hor\u00e1kov\u00e9. Setk\u00e1n\u00ed se uskute\u010dn\u00ed u&nbsp;pam\u011btn\u00ed desky JUDr. Milady Hor\u00e1kov\u00e9 v&nbsp;ulici Milady Hor\u00e1kov\u00e9 2 v&nbsp;p\u00e1tek 27.&nbsp;\u010dervna 2025 v&nbsp;10 hodin. [\/perex]","protected":false},"author":251,"featured_media":67985,"comment_status":"closed","ping_status":"open","sticky":false,"template":"","format":"standard","meta":[],"categories":[34],"tags":[135,110],"_links":{"self":[{"href":"https:\/\/www.praha7.cz\/api\/wp\/v2\/posts\/84911"}],"collection":[{"href":"https:\/\/www.praha7.cz\/api\/wp\/v2\/posts"}],"about":[{"href":"https:\/\/www.praha7.cz\/api\/wp\/v2\/types\/post"}],"author":[{"embeddable":true,"href":"https:\/\/www.praha7.cz\/api\/wp\/v2\/users\/251"}],"replies":[{"embeddable":true,"href":"https:\/\/www.praha7.cz\/api\/wp\/v2\/comments?post=84911"}],"version-history":[{"count":1,"href":"https:\/\/www.praha7.cz\/api\/wp\/v2\/posts\/84911\/revisions"}],"predecessor-version":[{"id":84912,"href":"https:\/\/www.praha7.cz\/api\/wp\/v2\/posts\/84911\/revisions\/84912"}],"wp:featuredmedia":[{"embeddable":true,"href":"https:\/\/www.praha7.cz\/api\/wp\/v2\/media\/67985"}],"wp:attachment":[{"href":"https:\/\/www.praha7.cz\/api\/wp\/v2\/media?parent=84911"}],"wp:term":[{"taxonomy":"category","embeddable":true,"href":"https:\/\/www.praha7.cz\/api\/wp\/v2\/categories?post=84911"},{"taxonomy":"post_tag","embeddable":true,"href":"https:\/\/www.praha7.cz\/api\/wp\/v2\/tags?post=84911"}],"curies":[{"name":"wp","href":"https:\/\/api.w.org\/{rel}","templated":true}]}}