    
{"id":84894,"date":"2025-06-12T12:12:41","date_gmt":"2025-06-12T10:12:41","guid":{"rendered":"https:\/\/www.praha7.cz\/?p=84894"},"modified":"2025-06-27T13:02:14","modified_gmt":"2025-06-27T11:02:14","slug":"olympijsky-den-a-koncert-skupiny-monkey-business-na-plani","status":"publish","type":"post","link":"https:\/\/www.praha7.cz\/olympijsky-den-a-koncert-skupiny-monkey-business-na-plani\/","title":{"rendered":"Olympijsk\u00fd den a&nbsp;koncert skupiny Monkey Business na pl\u00e1ni"},"content":{"rendered":"<p>[perex]<\/p>\r\n<p>\u010cesk\u00fd olympijsk\u00fd v\u00fdbor bude ve st\u0159edu 18.&nbsp;\u010dervna 2025 po cel\u00e9m \u010cesku oslavovat radost z&nbsp;pohybu a&nbsp;p\u0159ipom\u00ednat si v\u00fdznam olympijsk\u00fdch my\u0161lenek. Na Letensk\u00e9 pl\u00e1ni se u\u017e podruh\u00e9 uskute\u010dn\u00ed tradi\u010dn\u00ed <a href=\"https:\/\/www.olympijskybeh.cz\/zlaty-zavod-v-praze-oslavi-olympijske-myslenky-i-10-let-aplikace-epp-vrcholem-bude-koncert-monkey-business-zdarma\" target=\"_blank\" rel=\"noopener\">Zlat\u00fd z\u00e1vod<\/a> v&nbsp;r\u00e1mci Olympijsk\u00e9ho b\u011bhu. Letos se k&nbsp;oslav\u011b p\u0159id\u00e1v\u00e1 i&nbsp;Nadace \u010cEZ, kter\u00e1 si p\u0159ipom\u00edn\u00e1 10 let od spu\u0161t\u011bn\u00ed aplikace EPP \u2013 Pom\u00e1hej pohybem. Vrcholem cel\u00e9ho dne bude ve\u010dern\u00ed koncert kapely Monkey Business, kter\u00fd za\u010dne ve 21 hodin a&nbsp;bude p\u0159\u00edstupn\u00fd zdarma pro \u00fa\u010dastn\u00edky z\u00e1vodu i&nbsp;\u0161irokou ve\u0159ejnost.<\/p>\r\n<p>[\/perex]<\/p>\r\n<p>&nbsp;<\/p>","protected":false},"excerpt":{"rendered":"[perex] \u010cesk\u00fd olympijsk\u00fd v\u00fdbor bude ve st\u0159edu 18.&nbsp;\u010dervna 2025 po cel\u00e9m \u010cesku oslavovat radost z&nbsp;pohybu a&nbsp;p\u0159ipom\u00ednat si v\u00fdznam olympijsk\u00fdch my\u0161lenek. Na Letensk\u00e9 pl\u00e1ni se u\u017e podruh\u00e9 uskute\u010dn\u00ed tradi\u010dn\u00ed Zlat\u00fd z\u00e1vod v&nbsp;r\u00e1mci Olympijsk\u00e9ho b\u011bhu. Letos se k&nbsp;oslav\u011b p\u0159id\u00e1v\u00e1 i&nbsp;Nadace \u010cEZ, kter\u00e1 si p\u0159ipom\u00edn\u00e1 10 let od spu\u0161t\u011bn\u00ed aplikace EPP \u2013 Pom\u00e1hej pohybem. Vrcholem cel\u00e9ho dne bude [&hellip;]","protected":false},"author":251,"featured_media":84895,"comment_status":"closed","ping_status":"open","sticky":false,"template":"","format":"standard","meta":[],"categories":[34],"tags":[122,110],"_links":{"self":[{"href":"https:\/\/www.praha7.cz\/api\/wp\/v2\/posts\/84894"}],"collection":[{"href":"https:\/\/www.praha7.cz\/api\/wp\/v2\/posts"}],"about":[{"href":"https:\/\/www.praha7.cz\/api\/wp\/v2\/types\/post"}],"author":[{"embeddable":true,"href":"https:\/\/www.praha7.cz\/api\/wp\/v2\/users\/251"}],"replies":[{"embeddable":true,"href":"https:\/\/www.praha7.cz\/api\/wp\/v2\/comments?post=84894"}],"version-history":[{"count":1,"href":"https:\/\/www.praha7.cz\/api\/wp\/v2\/posts\/84894\/revisions"}],"predecessor-version":[{"id":84896,"href":"https:\/\/www.praha7.cz\/api\/wp\/v2\/posts\/84894\/revisions\/84896"}],"wp:featuredmedia":[{"embeddable":true,"href":"https:\/\/www.praha7.cz\/api\/wp\/v2\/media\/84895"}],"wp:attachment":[{"href":"https:\/\/www.praha7.cz\/api\/wp\/v2\/media?parent=84894"}],"wp:term":[{"taxonomy":"category","embeddable":true,"href":"https:\/\/www.praha7.cz\/api\/wp\/v2\/categories?post=84894"},{"taxonomy":"post_tag","embeddable":true,"href":"https:\/\/www.praha7.cz\/api\/wp\/v2\/tags?post=84894"}],"curies":[{"name":"wp","href":"https:\/\/api.w.org\/{rel}","templated":true}]}}