    
{"id":84879,"date":"2025-06-11T15:27:02","date_gmt":"2025-06-11T13:27:02","guid":{"rendered":"https:\/\/www.praha7.cz\/?p=84879"},"modified":"2025-06-27T12:20:32","modified_gmt":"2025-06-27T10:20:32","slug":"se-starostou-na-strossmayerove-a-ortenove-namesti","status":"publish","type":"post","link":"https:\/\/www.praha7.cz\/se-starostou-na-strossmayerove-a-ortenove-namesti\/","title":{"rendered":"Se starostou na Strossmayerov\u011b a&nbsp;Ortenov\u011b n\u00e1m\u011bst\u00ed"},"content":{"rendered":"<p>[perex]<\/p>\r\n<p>Potkejte se se starostou na \u010derstv\u00e9m vzduchu! Jan \u010ci\u017einsk\u00fd bude \u00fa\u0159adovat v&nbsp;pond\u011bl\u00ed 16.&nbsp;\u010dervna 2025 od 15 do 18 hodin a&nbsp;v&nbsp;p\u00e1tek 20.&nbsp;\u010dervna 2025 od 9 do 12 hodin \u00fa\u0159adovat u&nbsp;stolku na Ortenov\u011b n\u00e1m\u011bst\u00ed (pobl\u00ed\u017e kav\u00e1rny Kontejner). V&nbsp;p\u00e1tek 27.&nbsp;\u010dervna 2025 v&nbsp;\u010dase 10.30\u201312.00 pak usedne ke stolku na Strossmayerov\u011b n\u00e1m\u011bst\u00ed p\u0159ed kostelem. P\u0159ij\u010fte se zeptat na to, co v\u00e1s zaj\u00edm\u00e1.\u00a0<\/p>\r\n<p>[\/perex]<\/p>","protected":false},"excerpt":{"rendered":"[perex] Potkejte se se starostou na \u010derstv\u00e9m vzduchu! Jan \u010ci\u017einsk\u00fd bude \u00fa\u0159adovat v&nbsp;pond\u011bl\u00ed 16.&nbsp;\u010dervna 2025 od 15 do 18 hodin a&nbsp;v&nbsp;p\u00e1tek 20.&nbsp;\u010dervna 2025 od 9 do 12 hodin \u00fa\u0159adovat u&nbsp;stolku na Ortenov\u011b n\u00e1m\u011bst\u00ed (pobl\u00ed\u017e kav\u00e1rny Kontejner). V&nbsp;p\u00e1tek 27.&nbsp;\u010dervna 2025 v&nbsp;\u010dase 10.30\u201312.00 pak usedne ke stolku na Strossmayerov\u011b n\u00e1m\u011bst\u00ed p\u0159ed kostelem. P\u0159ij\u010fte se zeptat na to, [&hellip;]","protected":false},"author":251,"featured_media":18945,"comment_status":"closed","ping_status":"open","sticky":false,"template":"","format":"standard","meta":[],"categories":[34],"tags":[84,110],"_links":{"self":[{"href":"https:\/\/www.praha7.cz\/api\/wp\/v2\/posts\/84879"}],"collection":[{"href":"https:\/\/www.praha7.cz\/api\/wp\/v2\/posts"}],"about":[{"href":"https:\/\/www.praha7.cz\/api\/wp\/v2\/types\/post"}],"author":[{"embeddable":true,"href":"https:\/\/www.praha7.cz\/api\/wp\/v2\/users\/251"}],"replies":[{"embeddable":true,"href":"https:\/\/www.praha7.cz\/api\/wp\/v2\/comments?post=84879"}],"version-history":[{"count":1,"href":"https:\/\/www.praha7.cz\/api\/wp\/v2\/posts\/84879\/revisions"}],"predecessor-version":[{"id":84880,"href":"https:\/\/www.praha7.cz\/api\/wp\/v2\/posts\/84879\/revisions\/84880"}],"wp:featuredmedia":[{"embeddable":true,"href":"https:\/\/www.praha7.cz\/api\/wp\/v2\/media\/18945"}],"wp:attachment":[{"href":"https:\/\/www.praha7.cz\/api\/wp\/v2\/media?parent=84879"}],"wp:term":[{"taxonomy":"category","embeddable":true,"href":"https:\/\/www.praha7.cz\/api\/wp\/v2\/categories?post=84879"},{"taxonomy":"post_tag","embeddable":true,"href":"https:\/\/www.praha7.cz\/api\/wp\/v2\/tags?post=84879"}],"curies":[{"name":"wp","href":"https:\/\/api.w.org\/{rel}","templated":true}]}}