    
{"id":84874,"date":"2025-06-11T15:08:07","date_gmt":"2025-06-11T13:08:07","guid":{"rendered":"https:\/\/www.praha7.cz\/?p=84874"},"modified":"2025-06-11T15:12:09","modified_gmt":"2025-06-11T13:12:09","slug":"probehlo-dalsi-setkani-k-estakade-ve-strojnicke","status":"publish","type":"post","link":"https:\/\/www.praha7.cz\/probehlo-dalsi-setkani-k-estakade-ve-strojnicke\/","title":{"rendered":"Prob\u011bhlo dal\u0161\u00ed setk\u00e1n\u00ed k\u00a0estak\u00e1d\u011b ve Strojnick\u00e9"},"content":{"rendered":"<p>[perex]<\/p>\r\n<p>V pond\u011bl\u00ed 2.&nbsp;\u010dervna 2025 v&nbsp;hotelu Mama Shelter prob\u011bhlo dal\u0161\u00ed setk\u00e1n\u00ed k&nbsp;estak\u00e1d\u011b ve Strojnick\u00e9 a&nbsp;p\u0159ilehl\u00e9mu \u00fazem\u00ed. O&nbsp;prvn\u00edm setk\u00e1n\u00ed se v\u00edce do\u010dtete <a href=\"https:\/\/www.praha7.cz\/probehlo-setkani-nad-navrhem-koncepcni-studie-okoli-estakady-u-vystaviste\/\">zde<\/a>.<\/p>\r\n<p>[\/perex]<\/p>\r\n<hr \/>\r\n<h3><span style=\"color: #008000;\"><a href=\"https:\/\/www.youtube.com\/watch?v=57kOxdgDIvk\" target=\"_blank\" style=\"color: #008000;\" rel=\"noopener\">z\u00e1znam ze setk\u00e1n\u00ed ke zhl\u00e9dnut\u00ed<\/a><\/span><\/h3>\r\n<h4>prezentace a&nbsp;dal\u0161\u00ed informace najdete <a href=\"https:\/\/www.praha7.cz\/temata\/verejny-prostor\/estakada-strojnicka\/\" target=\"_blank\" rel=\"noopener\">zde<\/a><\/h4>\r\n<hr \/>\r\n<p>Prezentov\u00e1ny byly \u010dty\u0159i projekty, kter\u00e9 se v&nbsp;okol\u00ed ulice Strojnick\u00e1 a&nbsp;v&nbsp;souvislosti s&nbsp;modernizac\u00ed dr\u00e1hy Praha\u2013Kladno nyn\u00ed uskute\u010d\u0148uj\u00ed.<\/p>\r\n<ul>\r\n\t<li>Spr\u00e1va \u017eeleznic p\u0159edstavila projekt dr\u00e1hy, kter\u00e1 zah\u00e1j\u00ed sv\u016fj provoz 2.&nbsp;srpna 2025. V\u00edce <a href=\"https:\/\/zeleznicenaletiste.cz\/\" target=\"_blank\" rel=\"noopener\">zde<\/a>.<\/li>\r\n\t<li>S koncep\u010dn\u00ed studi\u00ed okol\u00ed estak\u00e1dy p\u0159\u00edtomn\u00e9 sezn\u00e1mili dh architekti.<\/li>\r\n\t<li>Z\u00e1stupkyn\u011b Karl\u00edn Group p\u0159ibl\u00ed\u017eila projekt bytov\u00e9ho domu Zig Zag Haus.<\/li>\r\n\t<li>Studio Perspektiv uk\u00e1zal, jak by mohl vypadat p\u0159edprostor V\u00fdstavi\u0161t\u011b Praha.\u00a0<\/li>\r\n<\/ul>\r\n<p>N\u00e1sledovala diskuze i&nbsp;zodpov\u00edd\u00e1n\u00ed detailn\u011bj\u0161\u00edch dotaz\u016f u&nbsp;kulat\u00fdch stol\u016f.<\/p>\r\n<p>Na m\u00edst\u011b bylo mo\u017en\u00e9 tak\u00e9 vyplnit stru\u010dnou <strong>anketu k&nbsp;vyu\u017eit\u00ed podstaveb estak\u00e1dy<\/strong>. Anketu m\u016f\u017eete vyplnit do 31.&nbsp;srpna 2025 <a href=\"https:\/\/forms.office.com\/pages\/responsepage.aspx?id=an2r8LBklkafTdaZCcbolSaIFip-MR1Gm9XLh4JVAmdUNzE2V0dIOTBPRUdRMzVRMkNJRU9KMUUyWC4u&amp;route=shorturl\" target=\"_blank\" rel=\"noopener\">zde<\/a>.<\/p>\r\n<hr \/>\r\n<h3><span style=\"color: #0000ff;\">M\u00e1te dotazy \u010di p\u0159ipom\u00ednky? Pi\u0161te na <a href=\"mailto:estakada@praha7.cz\" style=\"color: #0000ff;\">estakada@praha7.cz<\/a><\/span><\/h3>","protected":false},"excerpt":{"rendered":"[perex] V&nbsp;pond\u011bl\u00ed 2.&nbsp;\u010dervna 2025 v&nbsp;hotelu Mama Shelter prob\u011bhlo dal\u0161\u00ed setk\u00e1n\u00ed k&nbsp;estak\u00e1d\u011b ve Strojnick\u00e9 a&nbsp;p\u0159ilehl\u00e9mu \u00fazem\u00ed. O&nbsp;prvn\u00edm setk\u00e1n\u00ed se v\u00edce do\u010dtete zde. [\/perex] z\u00e1znam ze setk\u00e1n\u00ed ke zhl\u00e9dnut\u00ed prezentace a&nbsp;dal\u0161\u00ed informace najdete zde Prezentov\u00e1ny byly \u010dty\u0159i projekty, kter\u00e9 se v&nbsp;okol\u00ed ulice Strojnick\u00e1 a&nbsp;v&nbsp;souvislosti s&nbsp;modernizac\u00ed dr\u00e1hy Praha\u2013Kladno nyn\u00ed uskute\u010d\u0148uj\u00ed. Spr\u00e1va \u017eeleznic p\u0159edstavila projekt dr\u00e1hy, kter\u00e1 zah\u00e1j\u00ed [&hellip;]","protected":false},"author":251,"featured_media":84876,"comment_status":"closed","ping_status":"open","sticky":false,"template":"","format":"standard","meta":[],"categories":[34],"tags":[119,57],"_links":{"self":[{"href":"https:\/\/www.praha7.cz\/api\/wp\/v2\/posts\/84874"}],"collection":[{"href":"https:\/\/www.praha7.cz\/api\/wp\/v2\/posts"}],"about":[{"href":"https:\/\/www.praha7.cz\/api\/wp\/v2\/types\/post"}],"author":[{"embeddable":true,"href":"https:\/\/www.praha7.cz\/api\/wp\/v2\/users\/251"}],"replies":[{"embeddable":true,"href":"https:\/\/www.praha7.cz\/api\/wp\/v2\/comments?post=84874"}],"version-history":[{"count":2,"href":"https:\/\/www.praha7.cz\/api\/wp\/v2\/posts\/84874\/revisions"}],"predecessor-version":[{"id":84878,"href":"https:\/\/www.praha7.cz\/api\/wp\/v2\/posts\/84874\/revisions\/84878"}],"wp:featuredmedia":[{"embeddable":true,"href":"https:\/\/www.praha7.cz\/api\/wp\/v2\/media\/84876"}],"wp:attachment":[{"href":"https:\/\/www.praha7.cz\/api\/wp\/v2\/media?parent=84874"}],"wp:term":[{"taxonomy":"category","embeddable":true,"href":"https:\/\/www.praha7.cz\/api\/wp\/v2\/categories?post=84874"},{"taxonomy":"post_tag","embeddable":true,"href":"https:\/\/www.praha7.cz\/api\/wp\/v2\/tags?post=84874"}],"curies":[{"name":"wp","href":"https:\/\/api.w.org\/{rel}","templated":true}]}}