    
{"id":84867,"date":"2025-06-11T12:47:36","date_gmt":"2025-06-11T10:47:36","guid":{"rendered":"https:\/\/www.praha7.cz\/?p=84867"},"modified":"2025-06-11T12:47:36","modified_gmt":"2025-06-11T10:47:36","slug":"vltavskou-neprejmenovavejte-zada-praha-7","status":"publish","type":"post","link":"https:\/\/www.praha7.cz\/vltavskou-neprejmenovavejte-zada-praha-7\/","title":{"rendered":"Vltavskou nep\u0159ejmenov\u00e1vejte, \u017e\u00e1d\u00e1 Praha&nbsp;7"},"content":{"rendered":"<p>[perex]<\/p>\r\n<p>M\u00e9dii prob\u011bhla zpr\u00e1va, \u017ee ROPID a&nbsp;hl. m. Praha chystaj\u00ed p\u0159ejmenov\u00e1n\u00ed n\u011bkter\u00fdch stanic metra, mezi jin\u00fdmi tak\u00e9 stanici Vltavsk\u00e1 na \u00fazem\u00ed sedm\u00e9 m\u011bstsk\u00e9 \u010d\u00e1sti, kter\u00e1 by m\u011bla nov\u011b n\u00e9st n\u00e1zev N\u00e1dra\u017e\u00ed Bubny. Rada M\u010c Praha&nbsp;7 vyz\u00fdv\u00e1 organizaci ROPID, aby s&nbsp;ohledem na p\u0159ipravovanou v\u00fdstavbu Vltavsk\u00e9 filharmonie od p\u0159ejmenov\u00e1n\u00ed upustila. Tato v\u00fdznamn\u00e1 kulturn\u00ed stavba m\u00e1 z\u00e1sadn\u00edm zp\u016fsobem p\u0159etvo\u0159it charakter cel\u00e9 lokality a&nbsp;jej\u00ed n\u00e1zev bude neodd\u011bliteln\u011b spjat s&nbsp;touto \u010d\u00e1st\u00ed m\u011bsta.<\/p>\r\n<p>[\/perex]<\/p>\r\n<p><em>\u201eM\u00e1me radost, \u017ee se historick\u00fd n\u00e1zev Bubny vrac\u00ed v&nbsp;pojmenov\u00e1n\u00ed nov\u00e9ho n\u00e1dra\u017e\u00ed, ale na Vltavsk\u00e9 se z\u00e1rove\u0148 p\u0159ipravuje stavba Vltavsk\u00e9 filharmonie. Z&nbsp;hlediska orientace obyvatel i&nbsp;n\u00e1v\u0161t\u011bvn\u00edk\u016f m\u011bsta d\u00e1v\u00e1 smysl ponechat n\u00e1zev stanice, kter\u00fd bude korespondovat s&nbsp;n\u00e1zvem t\u00e9to v\u00fdznamn\u00e9 kulturn\u00ed stavby. Co by smysl naopak ned\u00e1valo, je p\u0159ejmenovat nyn\u00ed stanici z&nbsp;Vltavsk\u00e1 na N\u00e1dra\u017e\u00ed Bubny a&nbsp;n\u00e1sledn\u011b na Vltavskou filharmonii,\u201c<\/em> uvedl <em><strong>starosta Prahy&nbsp;7 Jan \u010ci\u017einsk\u00fd<\/strong><\/em>.<\/p>\r\n<p>Na \u00fazem\u00ed Prahy&nbsp;7 jsou dv\u011b stanice linky metra C, kter\u00e9 by v\u00a0p\u0159\u00edpad\u011b p\u0159ejmenov\u00e1n\u00ed stanice Vltavsk\u00e1 m\u011bly ob\u011b v\u00a0n\u00e1zvu slovo n\u00e1dra\u017e\u00ed, co\u017e by mohlo b\u00fdt pro cestuj\u00edc\u00ed MHD sp\u00ed\u0161e matouc\u00ed.<\/p>","protected":false},"excerpt":{"rendered":"[perex] M\u00e9dii prob\u011bhla zpr\u00e1va, \u017ee ROPID a&nbsp;hl. m. Praha chystaj\u00ed p\u0159ejmenov\u00e1n\u00ed n\u011bkter\u00fdch stanic metra, mezi jin\u00fdmi tak\u00e9 stanici Vltavsk\u00e1 na \u00fazem\u00ed sedm\u00e9 m\u011bstsk\u00e9 \u010d\u00e1sti, kter\u00e1 by m\u011bla nov\u011b n\u00e9st n\u00e1zev N\u00e1dra\u017e\u00ed Bubny. Rada M\u010c Praha&nbsp;7 vyz\u00fdv\u00e1 organizaci ROPID, aby s&nbsp;ohledem na p\u0159ipravovanou v\u00fdstavbu Vltavsk\u00e9 filharmonie od p\u0159ejmenov\u00e1n\u00ed upustila. Tato v\u00fdznamn\u00e1 kulturn\u00ed stavba m\u00e1 z\u00e1sadn\u00edm zp\u016fsobem [&hellip;]","protected":false},"author":5,"featured_media":81715,"comment_status":"closed","ping_status":"open","sticky":false,"template":"","format":"standard","meta":[],"categories":[34],"tags":[],"_links":{"self":[{"href":"https:\/\/www.praha7.cz\/api\/wp\/v2\/posts\/84867"}],"collection":[{"href":"https:\/\/www.praha7.cz\/api\/wp\/v2\/posts"}],"about":[{"href":"https:\/\/www.praha7.cz\/api\/wp\/v2\/types\/post"}],"author":[{"embeddable":true,"href":"https:\/\/www.praha7.cz\/api\/wp\/v2\/users\/5"}],"replies":[{"embeddable":true,"href":"https:\/\/www.praha7.cz\/api\/wp\/v2\/comments?post=84867"}],"version-history":[{"count":1,"href":"https:\/\/www.praha7.cz\/api\/wp\/v2\/posts\/84867\/revisions"}],"predecessor-version":[{"id":84868,"href":"https:\/\/www.praha7.cz\/api\/wp\/v2\/posts\/84867\/revisions\/84868"}],"wp:featuredmedia":[{"embeddable":true,"href":"https:\/\/www.praha7.cz\/api\/wp\/v2\/media\/81715"}],"wp:attachment":[{"href":"https:\/\/www.praha7.cz\/api\/wp\/v2\/media?parent=84867"}],"wp:term":[{"taxonomy":"category","embeddable":true,"href":"https:\/\/www.praha7.cz\/api\/wp\/v2\/categories?post=84867"},{"taxonomy":"post_tag","embeddable":true,"href":"https:\/\/www.praha7.cz\/api\/wp\/v2\/tags?post=84867"}],"curies":[{"name":"wp","href":"https:\/\/api.w.org\/{rel}","templated":true}]}}