    
{"id":84814,"date":"2025-06-09T15:35:37","date_gmt":"2025-06-09T13:35:37","guid":{"rendered":"https:\/\/www.praha7.cz\/?p=84814"},"modified":"2025-06-10T12:36:22","modified_gmt":"2025-06-10T10:36:22","slug":"planetarium-25","status":"publish","type":"post","link":"https:\/\/www.praha7.cz\/planetarium-25\/","title":{"rendered":"Planet\u00e1rium se po rozs\u00e1hl\u00e9 rekonstrukci otev\u00edr\u00e1 ve\u0159ejnosti"},"content":{"rendered":"<p>[perex]<\/p>\r\n<p>Po dvoulet\u00e9 rekonstrukci se Planet\u00e1rium Praha ve Stromovce, t\u00e9\u017e zvan\u00e9 Planetum, op\u011bt otev\u00edr\u00e1 ve\u0159ejnosti. V\u00fdsledkem modernizace je prvn\u00ed pln\u011b digit\u00e1ln\u00ed LED planet\u00e1rium s&nbsp;nejv\u011bt\u0161\u00ed LED kopul\u00ed sv\u00e9ho druhu na sv\u011bt\u011b. Slavnostn\u00ed v\u00edkendov\u00e9 otev\u0159en\u00ed pro ve\u0159ejnost je napl\u00e1nov\u00e1no na 14.&nbsp;a&nbsp;15.&nbsp;\u010dervna 2025. <strong>V\u00edce informac\u00ed o&nbsp;v\u00edkendov\u00e9m programu najdete <a href=\"https:\/\/www.planetum.cz\/planetarium-praha-se-po-rozsahle-rekonstrukci-otevira-verejnosti\" target=\"_blank\" rel=\"noopener\">zde<\/a>.<\/strong><\/p>\r\n<p>[\/perex]<\/p>\r\n<p>Celkov\u00e1 investice \u010dinila 300 milion\u016f K\u010d, z&nbsp;\u010deho\u017e p\u0159ibli\u017en\u011b 200 milion\u016f K\u010d p\u0159ipadlo na konstrukci kopule a&nbsp;LED technologii. T\u0159etina pak na stavebn\u00ed pr\u00e1ce spojen\u00e9 s&nbsp;roz\u0161\u00ed\u0159en\u00edm a&nbsp;modernizac\u00ed prostor pro n\u00e1v\u0161t\u011bvn\u00edky, na modernizaci vzduchotechniky a&nbsp;termoregulace. Cel\u00fd projekt byl financov\u00e1n z&nbsp;rozpo\u010dtu hlavn\u00edho m\u011bsta Prahy, kter\u00e9 je z\u0159izovatelem Planeta.<\/p>\r\n<p><em>\u201eTahle akce p\u0159es\u00e1hla horizont jednoho volebn\u00edho obdob\u00ed a&nbsp;nesla v&nbsp;sob\u011b spoustu rizik, nicm\u00e9n\u011b Praha pod veden\u00edm b\u00fdval\u00e9ho prim\u00e1tora Zde\u0148ka H\u0159iba v&nbsp;gesc\u00edch tehdej\u0161\u00edho n\u00e1m\u011bstka Pavla Vyhn\u00e1nka a&nbsp;radn\u00ed Hany T\u0159e\u0161t\u00edkov\u00e9 byla ochotn\u00e1 je na sebe vz\u00edt. D\u00edky kompetenci a&nbsp;\u00fasil\u00ed pana \u0159editele Jakuba Rozehnala a&nbsp;srdca\u0159sk\u00e9ho t\u00fdmu Planeta byla tato investice dokon\u010dena zd\u00e1rn\u011b. Praha tak z\u00edskala projek\u010dn\u00ed prostor na \u00farovni, kter\u00e1 nem\u00e1 v&nbsp;Evrop\u011b obdoby. Bude slou\u017eit nejen popularizaci v\u011bd o&nbsp;vesm\u00edru, ale i&nbsp;ostatn\u00edmu vzd\u011bl\u00e1v\u00e1n\u00ed a&nbsp;kulturn\u00edm akc\u00edm,\u201c<\/em> uv\u00e1d\u00ed Daniel Mazur pra\u017esk\u00fd radn\u00ed pro oblast ICT, Smart City, v\u011bdu, v\u00fdzkum a&nbsp;inovace.<\/p>\r\n<p>&nbsp;<\/p>\r\n<p><img loading=\"lazy\" src=\"https:\/\/www.praha7.cz\/wp-content\/uploads\/2025\/06\/465_planetarium-rekonstrukce-2025-02-21-11-promo-m-1500x1000.png\" alt=\"\" width=\"640\" height=\"427\" class=\"alignnone size-large wp-image-84817\" srcset=\"https:\/\/www.praha7.cz\/wp-content\/uploads\/2025\/06\/465_planetarium-rekonstrukce-2025-02-21-11-promo-m-1500x1000.png 1500w, https:\/\/www.praha7.cz\/wp-content\/uploads\/2025\/06\/465_planetarium-rekonstrukce-2025-02-21-11-promo-m-600x400.png 600w, https:\/\/www.praha7.cz\/wp-content\/uploads\/2025\/06\/465_planetarium-rekonstrukce-2025-02-21-11-promo-m-768x512.png 768w, https:\/\/www.praha7.cz\/wp-content\/uploads\/2025\/06\/465_planetarium-rekonstrukce-2025-02-21-11-promo-m-1536x1024.png 1536w, https:\/\/www.praha7.cz\/wp-content\/uploads\/2025\/06\/465_planetarium-rekonstrukce-2025-02-21-11-promo-m.png 1600w\" sizes=\"(max-width: 640px) 100vw, 640px\" \/><\/p>\r\n<p>&nbsp;<\/p>\r\n<p>V\u00edkendov\u00fd program je p\u0159izp\u016fsoben o\u010dek\u00e1van\u00e9mu z\u00e1jmu \u2013 p\u0159ipraven je speci\u00e1ln\u00ed dvacetiminutov\u00fd z\u00e1\u017eitkov\u00fd blok, kter\u00fd pob\u011b\u017e\u00ed opakovan\u011b po cel\u00fd den. N\u00e1v\u0161t\u011bvn\u00edci uvid\u00ed simulaci no\u010dn\u00ed oblohy i&nbsp;demonstraci dal\u0161\u00edch mo\u017enost\u00ed nov\u00e9 technologie. V&nbsp;sobotu 14.&nbsp;\u010dervna 2025 se planet\u00e1rium zapoj\u00ed do Pra\u017esk\u00e9 muzejn\u00ed noci a&nbsp;z\u016fstane otev\u0159en\u00e9 a\u017e do pozdn\u00edch ve\u010dern\u00edch hodin. <em>\u201eTo, co n\u00e1v\u0161t\u011bvn\u00edci uvid\u00ed, je naprosto unik\u00e1tn\u00ed. Ka\u017ed\u00e9ho, komu jsme syst\u00e9m p\u0159edvedli, ta pod\u00edvan\u00e1 bez v\u00fdjimky ohromila,\u201c<\/em> \u0159\u00edk\u00e1 Jakub Rozehnal, \u0159editel Planeta.<\/p>\r\n<p>D\u00edky technologii spole\u010dnosti Cosm disponuje nyn\u00ed Planet\u00e1rium Praha LED projek\u010dn\u00ed kopul\u00ed tvo\u0159enou p\u0159ibli\u017en\u011b 45 miliony diod na v\u00edce ne\u017e 12 tis\u00edc\u00edch speci\u00e1ln\u00edch panelech, kter\u00e9 vytv\u00e1\u0159ej\u00ed dechberouc\u00ed obraz vesm\u00edru. LED panely maj\u00ed oproti b\u011b\u017en\u00fdm projektor\u016fm a\u017e ston\u00e1sobn\u00fd sv\u011bteln\u00fd v\u00fdkon a&nbsp;dok\u00e1\u017eou tak vytvo\u0159it kontrast, je\u017e je b\u011b\u017enou projekc\u00ed v&nbsp;planet\u00e1ri\u00edch nedosa\u017eiteln\u00fd. D\u00edky tomu lze i&nbsp;na 2D plo\u0161e vytvo\u0159it iluzi 3D vjemu. Oproti b\u011b\u017en\u00fdm projek\u010dn\u00edm syst\u00e9m\u016fm m\u00e1 nav\u00edc nov\u00e1 technologie p\u0159ibli\u017en\u011b \u010dty\u0159n\u00e1sobn\u011b del\u0161\u00ed \u017eivotnost. <em>\u201eD\u00edky vizi a&nbsp;pokroku, kter\u00fd do projektu vn\u00e1\u0161\u00ed veden\u00ed pra\u017esk\u00e9ho planet\u00e1ria, p\u0159edstavuje tato rozs\u00e1hl\u00e1 modernizace nov\u00fd mezin\u00e1rodn\u00ed standard pro planet\u00e1ria po cel\u00e9m sv\u011bt\u011b \u2013 a&nbsp;bude inspirovat dal\u0161\u00ed instituce je\u0161t\u011b po mnoho let,\u201c<\/em> uvedl Kirk Johnson, provozn\u00ed \u0159editel spole\u010dnosti Cosm, kter\u00e1 vlastn\u00ed dodavatelskou firmu Evans &amp; Sutherland.<\/p>\r\n<p>&nbsp;<\/p>\r\n<p><img loading=\"lazy\" src=\"https:\/\/www.praha7.cz\/wp-content\/uploads\/2025\/06\/521_collcoll-planetarium-praha-boysplaynice-06-1333x1000.jpg\" alt=\"\" width=\"640\" height=\"480\" class=\"alignnone size-large wp-image-84815\" srcset=\"https:\/\/www.praha7.cz\/wp-content\/uploads\/2025\/06\/521_collcoll-planetarium-praha-boysplaynice-06-1333x1000.jpg 1333w, https:\/\/www.praha7.cz\/wp-content\/uploads\/2025\/06\/521_collcoll-planetarium-praha-boysplaynice-06-533x400.jpg 533w, https:\/\/www.praha7.cz\/wp-content\/uploads\/2025\/06\/521_collcoll-planetarium-praha-boysplaynice-06-768x576.jpg 768w, https:\/\/www.praha7.cz\/wp-content\/uploads\/2025\/06\/521_collcoll-planetarium-praha-boysplaynice-06-1536x1152.jpg 1536w, https:\/\/www.praha7.cz\/wp-content\/uploads\/2025\/06\/521_collcoll-planetarium-praha-boysplaynice-06.jpg 1920w\" sizes=\"(max-width: 640px) 100vw, 640px\" \/><\/p>\r\n<p>&nbsp;<\/p>\r\n<p>A\u010dkoli z\u00e1klad reperto\u00e1ru Planet\u00e1ria tvo\u0159\u00ed \u0161pi\u010dkov\u00e9 celooblohov\u00e9 filmy o&nbsp;vesm\u00edru, p\u0159ipravuj\u00ed se i&nbsp;zcela nov\u00e9 form\u00e1ty. Krom\u011b vlastn\u00edho po\u0159adu o&nbsp;no\u010dn\u00ed obloze bude m\u00edt na podzim premi\u00e9ru i&nbsp;sv\u011btov\u011b prvn\u00ed loutkov\u00fd celooblohov\u00fd film Hurv\u00ednkova vesm\u00edrn\u00e1 odysea, nov\u00fd film o&nbsp;evoluci Zv\u00eddav\u00e1 Eva: p\u0159\u00edb\u011bhy planety Zem\u011b i&nbsp;pokra\u010dov\u00e1n\u00ed filmu o&nbsp;vynal\u00e9zav\u00e9m k\u0159e\u010dkovi 3-2-1 Start!<\/p>\r\n<p>&nbsp;<\/p>","protected":false},"excerpt":{"rendered":"[perex] Po dvoulet\u00e9 rekonstrukci se Planet\u00e1rium Praha ve Stromovce, t\u00e9\u017e zvan\u00e9 Planetum, op\u011bt otev\u00edr\u00e1 ve\u0159ejnosti. V\u00fdsledkem modernizace je prvn\u00ed pln\u011b digit\u00e1ln\u00ed LED planet\u00e1rium s&nbsp;nejv\u011bt\u0161\u00ed LED kopul\u00ed sv\u00e9ho druhu na sv\u011bt\u011b. Slavnostn\u00ed v\u00edkendov\u00e9 otev\u0159en\u00ed pro ve\u0159ejnost je napl\u00e1nov\u00e1no na 14.&nbsp;a&nbsp;15.&nbsp;\u010dervna 2025. V\u00edce informac\u00ed o&nbsp;v\u00edkendov\u00e9m programu najdete zde. [\/perex] Celkov\u00e1 investice \u010dinila 300 milion\u016f K\u010d, z&nbsp;\u010deho\u017e p\u0159ibli\u017en\u011b [&hellip;]","protected":false},"author":5,"featured_media":84816,"comment_status":"closed","ping_status":"open","sticky":false,"template":"","format":"standard","meta":[],"categories":[34],"tags":[106,123,110],"_links":{"self":[{"href":"https:\/\/www.praha7.cz\/api\/wp\/v2\/posts\/84814"}],"collection":[{"href":"https:\/\/www.praha7.cz\/api\/wp\/v2\/posts"}],"about":[{"href":"https:\/\/www.praha7.cz\/api\/wp\/v2\/types\/post"}],"author":[{"embeddable":true,"href":"https:\/\/www.praha7.cz\/api\/wp\/v2\/users\/5"}],"replies":[{"embeddable":true,"href":"https:\/\/www.praha7.cz\/api\/wp\/v2\/comments?post=84814"}],"version-history":[{"count":3,"href":"https:\/\/www.praha7.cz\/api\/wp\/v2\/posts\/84814\/revisions"}],"predecessor-version":[{"id":84829,"href":"https:\/\/www.praha7.cz\/api\/wp\/v2\/posts\/84814\/revisions\/84829"}],"wp:featuredmedia":[{"embeddable":true,"href":"https:\/\/www.praha7.cz\/api\/wp\/v2\/media\/84816"}],"wp:attachment":[{"href":"https:\/\/www.praha7.cz\/api\/wp\/v2\/media?parent=84814"}],"wp:term":[{"taxonomy":"category","embeddable":true,"href":"https:\/\/www.praha7.cz\/api\/wp\/v2\/categories?post=84814"},{"taxonomy":"post_tag","embeddable":true,"href":"https:\/\/www.praha7.cz\/api\/wp\/v2\/tags?post=84814"}],"curies":[{"name":"wp","href":"https:\/\/api.w.org\/{rel}","templated":true}]}}