    
{"id":84804,"date":"2025-06-09T10:49:22","date_gmt":"2025-06-09T08:49:22","guid":{"rendered":"https:\/\/www.praha7.cz\/?p=84804"},"modified":"2025-06-10T05:53:56","modified_gmt":"2025-06-10T03:53:56","slug":"se-starostou-na-strossu","status":"publish","type":"post","link":"https:\/\/www.praha7.cz\/se-starostou-na-strossu\/","title":{"rendered":"Se starostou na Strossu"},"content":{"rendered":"<p>[perex]<\/p>\r\n<p>V pond\u011bl\u00ed 9.&nbsp;\u010dervna bude starosta Jan \u010ci\u017einsk\u00fd od 15 do 18 hodin \u00fa\u0159adovat u&nbsp;stolku na Strossmayerov\u011b n\u00e1m\u011bst\u00ed. P\u0159ij\u010fte se zeptat na to, co v\u00e1s zaj\u00edm\u00e1. T\u011b\u0161\u00ed se na v\u00e1s!<\/p>\r\n<p>[\/perex]<\/p>","protected":false},"excerpt":{"rendered":"[perex] V&nbsp;pond\u011bl\u00ed 9.&nbsp;\u010dervna bude starosta Jan \u010ci\u017einsk\u00fd od 15 do 18 hodin \u00fa\u0159adovat u&nbsp;stolku na Strossmayerov\u011b n\u00e1m\u011bst\u00ed. P\u0159ij\u010fte se zeptat na to, co v\u00e1s zaj\u00edm\u00e1. T\u011b\u0161\u00ed se na v\u00e1s! [\/perex]","protected":false},"author":5,"featured_media":18945,"comment_status":"closed","ping_status":"open","sticky":false,"template":"","format":"standard","meta":[],"categories":[34],"tags":[84,110],"_links":{"self":[{"href":"https:\/\/www.praha7.cz\/api\/wp\/v2\/posts\/84804"}],"collection":[{"href":"https:\/\/www.praha7.cz\/api\/wp\/v2\/posts"}],"about":[{"href":"https:\/\/www.praha7.cz\/api\/wp\/v2\/types\/post"}],"author":[{"embeddable":true,"href":"https:\/\/www.praha7.cz\/api\/wp\/v2\/users\/5"}],"replies":[{"embeddable":true,"href":"https:\/\/www.praha7.cz\/api\/wp\/v2\/comments?post=84804"}],"version-history":[{"count":2,"href":"https:\/\/www.praha7.cz\/api\/wp\/v2\/posts\/84804\/revisions"}],"predecessor-version":[{"id":84806,"href":"https:\/\/www.praha7.cz\/api\/wp\/v2\/posts\/84804\/revisions\/84806"}],"wp:featuredmedia":[{"embeddable":true,"href":"https:\/\/www.praha7.cz\/api\/wp\/v2\/media\/18945"}],"wp:attachment":[{"href":"https:\/\/www.praha7.cz\/api\/wp\/v2\/media?parent=84804"}],"wp:term":[{"taxonomy":"category","embeddable":true,"href":"https:\/\/www.praha7.cz\/api\/wp\/v2\/categories?post=84804"},{"taxonomy":"post_tag","embeddable":true,"href":"https:\/\/www.praha7.cz\/api\/wp\/v2\/tags?post=84804"}],"curies":[{"name":"wp","href":"https:\/\/api.w.org\/{rel}","templated":true}]}}