    
{"id":84777,"date":"2025-06-05T17:17:06","date_gmt":"2025-06-05T15:17:06","guid":{"rendered":"https:\/\/www.praha7.cz\/?p=84777"},"modified":"2025-08-22T14:16:33","modified_gmt":"2025-08-22T12:16:33","slug":"konference-zakovskych-parlamentu-2025","status":"publish","type":"post","link":"https:\/\/www.praha7.cz\/konference-zakovskych-parlamentu-2025\/","title":{"rendered":"Konference \u017e\u00e1kovsk\u00fdch parlament\u016f 2025"},"content":{"rendered":"<p>[perex]<\/p>\r\n<p>Dne 29.&nbsp;5.&nbsp;2025\u00a0se ve Vod\u00e1rensk\u00e9 v\u011b\u017ei na Letn\u00e9 uskute\u010dnila 4.&nbsp;konference \u017e\u00e1kovsk\u00fdch parlament\u016f Prahy&nbsp;7. Svou \u0161kolu a&nbsp;realizovan\u00e9 \u010di p\u0159ipravovan\u00e9 akce a&nbsp;projekty zde p\u0159edstavili z\u00e1stupci v\u0161ech \u017e\u00e1kovsk\u00fdch parlament\u016f ze sedm\u00e9 m\u011bstsk\u00e9 \u010d\u00e1sti a&nbsp;Zastupitelstva mlad\u00fdch. Na zhruba 80 \u017e\u00e1k\u016f \u010dekaly zaj\u00edmav\u00ed host\u00e9, p\u0159edn\u00e1\u0161ky a&nbsp;workshopy. \u00a0<\/p>\r\n<p>[\/perex]<\/p>\r\n<p>Setk\u00e1n\u00ed se z\u00fa\u010dastnily \u017e\u00e1kovsk\u00e9 parlamenty ze Z\u0160 Strossmayerovo n\u00e1m. (v\u010detn\u011b deta\u0161ovan\u00fdch pracovi\u0161\u0165 Letohradsk\u00e1 a&nbsp;U&nbsp;Uranie), Z\u0160 Fr. Plam\u00ednkov\u00e9, Z\u0160 Korunova\u010dn\u00ed, Z\u0160 Tusarova, Z\u0160 Um\u011bleck\u00e1, Z\u0160 TGM a&nbsp;Z\u0160 Bratrsk\u00e1.<\/p>\r\n<p><img loading=\"lazy\" src=\"https:\/\/www.praha7.cz\/wp-content\/uploads\/2025\/06\/zakovske-parlamenty-25-1-1333x1000.jpg\" alt=\"\" width=\"640\" height=\"480\" class=\"alignnone size-large wp-image-84778\" srcset=\"https:\/\/www.praha7.cz\/wp-content\/uploads\/2025\/06\/zakovske-parlamenty-25-1-1333x1000.jpg 1333w, https:\/\/www.praha7.cz\/wp-content\/uploads\/2025\/06\/zakovske-parlamenty-25-1-533x400.jpg 533w, https:\/\/www.praha7.cz\/wp-content\/uploads\/2025\/06\/zakovske-parlamenty-25-1-768x576.jpg 768w, https:\/\/www.praha7.cz\/wp-content\/uploads\/2025\/06\/zakovske-parlamenty-25-1-1536x1152.jpg 1536w, https:\/\/www.praha7.cz\/wp-content\/uploads\/2025\/06\/zakovske-parlamenty-25-1-2048x1536.jpg 2048w\" sizes=\"(max-width: 640px) 100vw, 640px\" \/><\/p>\r\n<p>Akci moderovala Radovana Tes\u00e1rkov\u00e1. Koordin\u00e1torem byl u\u010ditel Pavel Namyslo ze Z\u0160 U&nbsp;Uranie.\u00a0 V&nbsp;r\u00e1mci programu vystoupila Lucie Ple\u0161kov\u00e1 z&nbsp;organizace UNICEF, Michal Bro\u017ea z&nbsp;OSN \u010cesk\u00e1 republika nebo nejmlad\u0161\u00ed zastupitel Prahy&nbsp;7 Ign\u00e1c Okamura. \u00a0<\/p>\r\n<p><img loading=\"lazy\" src=\"https:\/\/www.praha7.cz\/wp-content\/uploads\/2025\/06\/zakovske-parlamenty-25-4-1333x1000.jpg\" alt=\"\" width=\"640\" height=\"480\" class=\"alignnone size-large wp-image-84781\" srcset=\"https:\/\/www.praha7.cz\/wp-content\/uploads\/2025\/06\/zakovske-parlamenty-25-4-1333x1000.jpg 1333w, https:\/\/www.praha7.cz\/wp-content\/uploads\/2025\/06\/zakovske-parlamenty-25-4-533x400.jpg 533w, https:\/\/www.praha7.cz\/wp-content\/uploads\/2025\/06\/zakovske-parlamenty-25-4-768x576.jpg 768w, https:\/\/www.praha7.cz\/wp-content\/uploads\/2025\/06\/zakovske-parlamenty-25-4-1536x1152.jpg 1536w, https:\/\/www.praha7.cz\/wp-content\/uploads\/2025\/06\/zakovske-parlamenty-25-4-2048x1537.jpg 2048w\" sizes=\"(max-width: 640px) 100vw, 640px\" \/><\/p>\r\n<p>Ve druh\u00e9 \u010d\u00e1sti setk\u00e1n\u00ed se \u017e\u00e1ci z\u00fa\u010dastnili workshop\u016f na t\u00e9mata: Volebn\u00ed proces, Pop-up civilizace, Ment\u00e1ln\u00ed zdrav\u00ed pro aktivn\u00ed studenty a&nbsp;Hlas, kter\u00fd je sly\u0161et. Vlastn\u00ed workshop m\u011bli tak\u00e9 koordin\u00e1to\u0159i jednotliv\u00fdch studentsk\u00fdch parlament\u016f.<\/p>\r\n<p><img loading=\"lazy\" src=\"https:\/\/www.praha7.cz\/wp-content\/uploads\/2025\/06\/zakovske-parlamenty-25-5-1333x1000.jpg\" alt=\"\" width=\"640\" height=\"480\" class=\"alignnone size-large wp-image-84782\" srcset=\"https:\/\/www.praha7.cz\/wp-content\/uploads\/2025\/06\/zakovske-parlamenty-25-5-1333x1000.jpg 1333w, https:\/\/www.praha7.cz\/wp-content\/uploads\/2025\/06\/zakovske-parlamenty-25-5-533x400.jpg 533w, https:\/\/www.praha7.cz\/wp-content\/uploads\/2025\/06\/zakovske-parlamenty-25-5-768x576.jpg 768w, https:\/\/www.praha7.cz\/wp-content\/uploads\/2025\/06\/zakovske-parlamenty-25-5-1536x1152.jpg 1536w, https:\/\/www.praha7.cz\/wp-content\/uploads\/2025\/06\/zakovske-parlamenty-25-5-2048x1536.jpg 2048w\" sizes=\"(max-width: 640px) 100vw, 640px\" \/><\/p>\r\n<p>\u010ctvrt\u00e1 konference \u017e\u00e1kovsk\u00fdch parlament\u016f umo\u017enila d\u011btem bl\u00ed\u017ee se sezn\u00e1mit a&nbsp;poznat, sd\u00edlet sv\u00e9 zku\u0161enosti a&nbsp;dobrou praxi a&nbsp;roz\u0161\u00ed\u0159it si obzory v\u00a0d\u016fle\u017eit\u00fdch t\u00e9matech, jako je demokratick\u00e9 vn\u00edm\u00e1n\u00ed spole\u010dnosti, respekt, tolerance a&nbsp;vz\u00e1jemnost a&nbsp;v\u00a0neposledn\u00ed \u0159ad\u011b chu\u0165 m\u011bnit sv\u011bt k\u00a0lep\u0161\u00edmu.<\/p>\r\n<p><img loading=\"lazy\" src=\"https:\/\/www.praha7.cz\/wp-content\/uploads\/2025\/06\/zakovske-parlamenty-25-2-1500x1000.jpg\" alt=\"\" width=\"640\" height=\"427\" class=\"alignnone size-large wp-image-84779\" srcset=\"https:\/\/www.praha7.cz\/wp-content\/uploads\/2025\/06\/zakovske-parlamenty-25-2-1500x1000.jpg 1500w, https:\/\/www.praha7.cz\/wp-content\/uploads\/2025\/06\/zakovske-parlamenty-25-2-600x400.jpg 600w, https:\/\/www.praha7.cz\/wp-content\/uploads\/2025\/06\/zakovske-parlamenty-25-2-768x512.jpg 768w, https:\/\/www.praha7.cz\/wp-content\/uploads\/2025\/06\/zakovske-parlamenty-25-2-1536x1024.jpg 1536w, https:\/\/www.praha7.cz\/wp-content\/uploads\/2025\/06\/zakovske-parlamenty-25-2-2048x1365.jpg 2048w\" sizes=\"(max-width: 640px) 100vw, 640px\" \/><\/p>\r\n<hr \/>\r\n<p><em>Akce se uskute\u010dnila pod z\u00e1\u0161titou m\u00edstostarostky Prahy&nbsp;7 Hany \u0160i\u0161kov\u00e9, za organiza\u010dn\u00ed podpory p\u0159edsedkyn\u011b V\u00fdboru pro vzd\u011bl\u00e1v\u00e1n\u00ed, soci\u00e1ln\u00ed politiku a&nbsp;zdravotnictv\u00ed Sylvy Svobodov\u00e9 a&nbsp;ve spolupr\u00e1ci s&nbsp;projektem M\u00edstn\u00ed ak\u010dn\u00ed pl\u00e1ny rozvoje vzd\u011bl\u00e1v\u00e1n\u00ed IV \u2013 spr\u00e1vn\u00ed obvod Praha&nbsp;7, reg. \u010d.: CZ.02.02.XX\/0023_017\/0008373.<\/em><\/p>\r\n<p><img loading=\"lazy\" src=\"https:\/\/www.praha7.cz\/wp-content\/uploads\/2024\/10\/EUMSMT-Barevne-RGB-1500x214.jpg\" alt=\"\" width=\"640\" height=\"91\" class=\"alignnone size-large wp-image-82251\" srcset=\"https:\/\/www.praha7.cz\/wp-content\/uploads\/2024\/10\/EUMSMT-Barevne-RGB-1500x214.jpg 1500w, https:\/\/www.praha7.cz\/wp-content\/uploads\/2024\/10\/EUMSMT-Barevne-RGB-600x86.jpg 600w, https:\/\/www.praha7.cz\/wp-content\/uploads\/2024\/10\/EUMSMT-Barevne-RGB-768x110.jpg 768w, https:\/\/www.praha7.cz\/wp-content\/uploads\/2024\/10\/EUMSMT-Barevne-RGB-1536x219.jpg 1536w, https:\/\/www.praha7.cz\/wp-content\/uploads\/2024\/10\/EUMSMT-Barevne-RGB-2048x292.jpg 2048w\" sizes=\"(max-width: 640px) 100vw, 640px\" \/><\/p>","protected":false},"excerpt":{"rendered":"[perex] Dne 29.&nbsp;5.&nbsp;2025\u00a0se ve Vod\u00e1rensk\u00e9 v\u011b\u017ei na Letn\u00e9 uskute\u010dnila 4.&nbsp;konference \u017e\u00e1kovsk\u00fdch parlament\u016f Prahy&nbsp;7. Svou \u0161kolu a&nbsp;realizovan\u00e9 \u010di p\u0159ipravovan\u00e9 akce a&nbsp;projekty zde p\u0159edstavili z\u00e1stupci v\u0161ech \u017e\u00e1kovsk\u00fdch parlament\u016f ze sedm\u00e9 m\u011bstsk\u00e9 \u010d\u00e1sti a&nbsp;Zastupitelstva mlad\u00fdch. Na zhruba 80 \u017e\u00e1k\u016f \u010dekaly zaj\u00edmav\u00ed host\u00e9, p\u0159edn\u00e1\u0161ky a&nbsp;workshopy. \u00a0 [\/perex] Setk\u00e1n\u00ed se z\u00fa\u010dastnily \u017e\u00e1kovsk\u00e9 parlamenty ze Z\u0160 Strossmayerovo n\u00e1m. (v\u010detn\u011b deta\u0161ovan\u00fdch pracovi\u0161\u0165 [&hellip;]","protected":false},"author":5,"featured_media":84780,"comment_status":"closed","ping_status":"open","sticky":false,"template":"","format":"standard","meta":[],"categories":[34,74],"tags":[83,102],"_links":{"self":[{"href":"https:\/\/www.praha7.cz\/api\/wp\/v2\/posts\/84777"}],"collection":[{"href":"https:\/\/www.praha7.cz\/api\/wp\/v2\/posts"}],"about":[{"href":"https:\/\/www.praha7.cz\/api\/wp\/v2\/types\/post"}],"author":[{"embeddable":true,"href":"https:\/\/www.praha7.cz\/api\/wp\/v2\/users\/5"}],"replies":[{"embeddable":true,"href":"https:\/\/www.praha7.cz\/api\/wp\/v2\/comments?post=84777"}],"version-history":[{"count":1,"href":"https:\/\/www.praha7.cz\/api\/wp\/v2\/posts\/84777\/revisions"}],"predecessor-version":[{"id":84783,"href":"https:\/\/www.praha7.cz\/api\/wp\/v2\/posts\/84777\/revisions\/84783"}],"wp:featuredmedia":[{"embeddable":true,"href":"https:\/\/www.praha7.cz\/api\/wp\/v2\/media\/84780"}],"wp:attachment":[{"href":"https:\/\/www.praha7.cz\/api\/wp\/v2\/media?parent=84777"}],"wp:term":[{"taxonomy":"category","embeddable":true,"href":"https:\/\/www.praha7.cz\/api\/wp\/v2\/categories?post=84777"},{"taxonomy":"post_tag","embeddable":true,"href":"https:\/\/www.praha7.cz\/api\/wp\/v2\/tags?post=84777"}],"curies":[{"name":"wp","href":"https:\/\/api.w.org\/{rel}","templated":true}]}}