    
{"id":84711,"date":"2025-06-04T15:46:50","date_gmt":"2025-06-04T13:46:50","guid":{"rendered":"https:\/\/www.praha7.cz\/?p=84711"},"modified":"2025-06-26T12:39:29","modified_gmt":"2025-06-26T10:39:29","slug":"rekonstrukce-plynovodu-v-ulici-kostelni","status":"publish","type":"post","link":"https:\/\/www.praha7.cz\/rekonstrukce-plynovodu-v-ulici-kostelni\/","title":{"rendered":"Rekonstrukce plynovodu v&nbsp;ulici Kosteln\u00ed"},"content":{"rendered":"<p>[perex]<\/p>\r\n<p>Pra\u017esk\u00e1 plyn\u00e1rensk\u00e1 Distribuce zah\u00e1j\u00ed v&nbsp;ulici Kosteln\u00ed rekonstrukci plynovodn\u00edho potrub\u00ed z&nbsp;d\u016fvodu pot\u0159eby plynul\u00e9ho a&nbsp;bezpe\u010dn\u00e9ho zaji\u0161t\u011bn\u00ed dod\u00e1vek zemn\u00edho plynu. Na z\u00e1klad\u011b harmonogramu stanoven\u00e9ho spr\u00e1vcem plynovodu budou pr\u00e1ce v&nbsp;n\u011bkolika etap\u00e1ch prob\u00edhat od 9.&nbsp;\u010dervna do z\u00e1\u0159\u00ed tohoto roku. S&nbsp;rekonstrukc\u00ed budou spojena omezen\u00ed dopravy a&nbsp;parkov\u00e1n\u00ed v&nbsp;dot\u010den\u00fdch \u00fasec\u00edch ul. Kosteln\u00ed, z&nbsp;nich\u017e hlavn\u00ed \u010d\u00e1st bude realizov\u00e1na v&nbsp;pr\u016fb\u011bhu letn\u00edch pr\u00e1zdnin. PPD se omlouv\u00e1 za komplikace a&nbsp;d\u011bkuje za trp\u011blivost a&nbsp;pochopen\u00ed.<\/p>\r\n<p>[\/perex]<\/p>\r\n<p>Pr\u00e1ce na rekonstrukci plynovodu budou v\u00a0r\u00e1mci jednotliv\u00fdch etap prob\u00edhat v\u00a0cel\u00e9 ulici Kosteln\u00ed a&nbsp;v\u00a0z\u00e1v\u011bru se p\u0159esunou tak\u00e9 do okol\u00ed muze\u00ed.<\/p>\r\n<h3>Dopravn\u00ed opat\u0159en\u00ed<\/h3>\r\n<p><strong>V\u00a0prvn\u00ed etap\u011b, kter\u00e1 za\u010d\u00edn\u00e1 v\u00a0pond\u011bl\u00ed 9.&nbsp;\u010dervna<\/strong>, bude v&nbsp;ul. Kosteln\u00ed v&nbsp;\u00faseku Dukelsk\u00fdch hrdin\u016f \u2013 Kamenick\u00e1 zaveden jednosm\u011brn\u00fd provoz sm\u011brem na z\u00e1pad (do kopce). Ve sm\u011bru od muze\u00ed se z&nbsp;ulic mezi Kosteln\u00ed a&nbsp;Veletr\u017en\u00ed bude odj\u00ed\u017ed\u011bt ulicemi Nad \u0160tolou, Oveneck\u00e1 a&nbsp;Kamenick\u00e1 na Veletr\u017en\u00ed. Tato dopravn\u00ed opat\u0159en\u00ed jsou aktu\u00e1ln\u011b nastavena do konce \u010dervna. Informace o&nbsp;veden\u00ed dopravy v&nbsp;n\u00e1sleduj\u00edc\u00edch etap\u00e1ch budeme aktualizovat. Pros\u00edme, sledujte dopravn\u00ed zna\u010den\u00ed v&nbsp;m\u00edst\u011b prac\u00ed.<\/p>\r\n<p>&nbsp;<\/p>\r\n<p><a href=\"https:\/\/www.praha7.cz\/wp-content\/uploads\/2025\/06\/omezeni-prujezdu-letnou-plynari-2025.png\" target=\"_blank\" rel=\"noopener\"><img loading=\"lazy\" src=\"https:\/\/www.praha7.cz\/wp-content\/uploads\/2025\/06\/omezeni-prujezdu-letnou-plynari-2025-1500x938.png\" alt=\"\" width=\"640\" height=\"400\" class=\"alignnone size-large wp-image-84712\" srcset=\"https:\/\/www.praha7.cz\/wp-content\/uploads\/2025\/06\/omezeni-prujezdu-letnou-plynari-2025-1500x938.png 1500w, https:\/\/www.praha7.cz\/wp-content\/uploads\/2025\/06\/omezeni-prujezdu-letnou-plynari-2025-600x375.png 600w, https:\/\/www.praha7.cz\/wp-content\/uploads\/2025\/06\/omezeni-prujezdu-letnou-plynari-2025-768x480.png 768w, https:\/\/www.praha7.cz\/wp-content\/uploads\/2025\/06\/omezeni-prujezdu-letnou-plynari-2025-1536x960.png 1536w, https:\/\/www.praha7.cz\/wp-content\/uploads\/2025\/06\/omezeni-prujezdu-letnou-plynari-2025-2048x1280.png 2048w\" sizes=\"(max-width: 640px) 100vw, 640px\" \/><\/a><\/p>\r\n<p><em>Zelen\u00e9 \u0161ipky: jedin\u00e9 mo\u017en\u00e9 v\u00fdjezdy z&nbsp;oblasti sm\u011br Veletr\u017en\u00ed<br \/>\r\nKosteln\u00ed: \u00fasek Dukelsk\u00fdch hrdin\u016f &#8211; Kamenick\u00e1 jednosm\u011brn\u00fd ve sm\u011bru Kamenick\u00e1<\/em><\/p>\r\n<p>&nbsp;<\/p>\r\n<p>D\u016fvodem pl\u00e1novan\u00fdch oprav je dlouhodob\u00e9 zaji\u0161t\u011bn\u00ed bezpe\u010dnosti a&nbsp;plynulosti dod\u00e1vek zemn\u00edho plynu nejen v&nbsp;t\u00e9to oblasti. Uv\u011bdomujeme si, \u017ee rekonstrukce s\u00edt\u00ed s\u00a0sebou p\u0159in\u00e1\u0161ej\u00ed nep\u0159\u00edjemn\u00e1 omezen\u00ed, ale je t\u0159eba do\u017e\u00edvaj\u00edc\u00ed kl\u00ed\u010dovou infrastrukturu (jako jsou plynovody, vodovody, kanalizace apod.) v\u010das opravit, aby se nemusely \u0159e\u0161it \u010dast\u00e9 nep\u0159edv\u00eddateln\u00e9 poruchy a&nbsp;s&nbsp;nimi spojen\u00e9 nepl\u00e1novan\u00e9 p\u0159eru\u0161en\u00ed\u00a0dopravy \u010di v\u00fdpadky dod\u00e1vek plynu a&nbsp;vody.<\/p>\r\n<p>Pro p\u0159\u00edpadn\u00e9 dotazy \u010di p\u0159ipom\u00ednky m\u016f\u017eete vyu\u017e\u00edt kontaktn\u00ed centrum\u00a0<a href=\"https:\/\/www.ppdistribuce.cz\/\" target=\"_blank\" rel=\"noopener\">Pra\u017esk\u00e1 plyn\u00e1rensk\u00e1 Distribuce<\/a>.\u00a0<\/p>","protected":false},"excerpt":{"rendered":"[perex] Pra\u017esk\u00e1 plyn\u00e1rensk\u00e1 Distribuce zah\u00e1j\u00ed v&nbsp;ulici Kosteln\u00ed rekonstrukci plynovodn\u00edho potrub\u00ed z&nbsp;d\u016fvodu pot\u0159eby plynul\u00e9ho a&nbsp;bezpe\u010dn\u00e9ho zaji\u0161t\u011bn\u00ed dod\u00e1vek zemn\u00edho plynu. Na z\u00e1klad\u011b harmonogramu stanoven\u00e9ho spr\u00e1vcem plynovodu budou pr\u00e1ce v&nbsp;n\u011bkolika etap\u00e1ch prob\u00edhat od 9.&nbsp;\u010dervna do z\u00e1\u0159\u00ed tohoto roku. S&nbsp;rekonstrukc\u00ed budou spojena omezen\u00ed dopravy a&nbsp;parkov\u00e1n\u00ed v&nbsp;dot\u010den\u00fdch \u00fasec\u00edch ul. Kosteln\u00ed, z&nbsp;nich\u017e hlavn\u00ed \u010d\u00e1st bude realizov\u00e1na v&nbsp;pr\u016fb\u011bhu letn\u00edch pr\u00e1zdnin. PPD se [&hellip;]","protected":false},"author":5,"featured_media":84713,"comment_status":"closed","ping_status":"open","sticky":false,"template":"","format":"standard","meta":[],"categories":[34],"tags":[57,125],"_links":{"self":[{"href":"https:\/\/www.praha7.cz\/api\/wp\/v2\/posts\/84711"}],"collection":[{"href":"https:\/\/www.praha7.cz\/api\/wp\/v2\/posts"}],"about":[{"href":"https:\/\/www.praha7.cz\/api\/wp\/v2\/types\/post"}],"author":[{"embeddable":true,"href":"https:\/\/www.praha7.cz\/api\/wp\/v2\/users\/5"}],"replies":[{"embeddable":true,"href":"https:\/\/www.praha7.cz\/api\/wp\/v2\/comments?post=84711"}],"version-history":[{"count":3,"href":"https:\/\/www.praha7.cz\/api\/wp\/v2\/posts\/84711\/revisions"}],"predecessor-version":[{"id":84716,"href":"https:\/\/www.praha7.cz\/api\/wp\/v2\/posts\/84711\/revisions\/84716"}],"wp:featuredmedia":[{"embeddable":true,"href":"https:\/\/www.praha7.cz\/api\/wp\/v2\/media\/84713"}],"wp:attachment":[{"href":"https:\/\/www.praha7.cz\/api\/wp\/v2\/media?parent=84711"}],"wp:term":[{"taxonomy":"category","embeddable":true,"href":"https:\/\/www.praha7.cz\/api\/wp\/v2\/categories?post=84711"},{"taxonomy":"post_tag","embeddable":true,"href":"https:\/\/www.praha7.cz\/api\/wp\/v2\/tags?post=84711"}],"curies":[{"name":"wp","href":"https:\/\/api.w.org\/{rel}","templated":true}]}}