    
{"id":84704,"date":"2025-06-04T13:43:10","date_gmt":"2025-06-04T11:43:10","guid":{"rendered":"https:\/\/www.praha7.cz\/?p=84704"},"modified":"2025-06-09T10:46:31","modified_gmt":"2025-06-09T08:46:31","slug":"kam-o-vikendu-7-a-8-cervna","status":"publish","type":"post","link":"https:\/\/www.praha7.cz\/kam-o-vikendu-7-a-8-cervna\/","title":{"rendered":"Kam o&nbsp;v\u00edkendu 7.&nbsp;a&nbsp;8.&nbsp;\u010dervna?"},"content":{"rendered":"<p>[perex]<\/p>\r\n<p>Nadch\u00e1zej\u00edc\u00ed v\u00edkend na Sedmi\u010dce p\u0159in\u00e1\u0161\u00ed \u0159adu akc\u00ed, kter\u00e9 pot\u011b\u0161\u00ed sportovce, rodiny i&nbsp;obdivovatele pap\u00edru. Kam se vyd\u00e1te vy?<\/p>\r\n<p>[\/perex]<\/p>\r\n<p>V p\u00e1tek 6.&nbsp;\u010dervna 2025 za\u010d\u00edn\u00e1 na Letensk\u00e9 pl\u00e1ni <strong>Sv\u011btov\u00fd poh\u00e1r v&nbsp;boulderu<\/strong>. V&nbsp;p\u00e1tek prob\u011bhnou kvalifikace, vstup zdarma. Dal\u0161\u00ed informace najdete <a href=\"https:\/\/www.climbingworldcup.cz\/\" target=\"_blank\" rel=\"noopener\">zde<\/a> a&nbsp;tak\u00e9 na <a href=\"https:\/\/www.facebook.com\/climbingworldcuprague\" target=\"_blank\" rel=\"noopener\">facebookov\u00e9 str\u00e1nce<\/a>.<\/p>\r\n<p>&nbsp;<\/p>\r\n<p>Sobota 7.&nbsp;\u010dervna 2025 v&nbsp;Elektrick\u00fdch podnic\u00edch bude pat\u0159it milovn\u00edk\u016fm pap\u00edru. <strong>Festival <a href=\"https:\/\/papirfest.cz\/\" target=\"_blank\" rel=\"noopener\">Pap\u00edrfest<\/a><\/strong> naserv\u00edruje 80 lok\u00e1ln\u00edch pap\u00edrensk\u00fdch zna\u010dek v\u010detn\u011b na\u0161ich sedmi\u010dkov\u00fdch: <a href=\"https:\/\/www.kasmidas.cz\/\" target=\"_blank\" rel=\"noopener\">Ka\u0161-mi-da\u0161<\/a>, <a href=\"https:\/\/www.papirna.cz\/\" target=\"_blank\" rel=\"noopener\">Pap\u00edrny<\/a> a&nbsp;<a href=\"https:\/\/reformat.cz\/\" target=\"_blank\" rel=\"noopener\">Reform\u00e1tu<\/a>.<\/p>\r\n<p>&nbsp;<\/p>\r\n<p>Sobotn\u00ed n\u00e1kupy v&nbsp;Hole\u0161ovick\u00e9 tr\u017enici u&nbsp;haly 22 si m\u016f\u017eete zpest\u0159it <strong>kolob\u011b\u017ekovou dr\u00e1hou a&nbsp;d\u00edlnami pro d\u011bti<\/strong>. Cel\u00fd program najdete ve <a href=\"https:\/\/www.facebook.com\/events\/9869299436484327\" target=\"_blank\" rel=\"noopener\">facebookov\u00e9 ud\u00e1losti<\/a>.<\/p>\r\n<p>&nbsp;<\/p>\r\n<p>Bohat\u00fd program pro v\u0161echny generace nab\u00eddne v&nbsp;ned\u011bli 8.&nbsp;\u010dervna 2025 <strong>Rodinn\u00fd den hlavn\u00edho m\u011bsta Prahy<\/strong> na V\u00fdstavi\u0161ti. Pl\u00e1nujte <a href=\"https:\/\/navystavisti.cz\/udalosti\/rodinny-den-hlavniho-mesta-prahy\/?termin=292&amp;program=154\" target=\"_blank\" rel=\"noopener\">zde<\/a>.<\/p>\r\n<p>&nbsp;<\/p>\r\n<p><strong>Letensk\u00fd koloto\u010d<\/strong> bude v&nbsp;ned\u011bli v&nbsp;r\u00e1mci charitativn\u00ed akce na podporu boje proti d\u011btsk\u00fdm mozkov\u00fdm n\u00e1dor\u016fm jezdit zdarma. Detaily a&nbsp;doprovodn\u00fd program najdete na <a href=\"https:\/\/nadace-nina.cz\/cs\/kolotoc-pro-ninu\/\" target=\"_blank\" rel=\"noopener\">Letensk\u00fd koloto\u010d pro Ninu<\/a>.<\/p>","protected":false},"excerpt":{"rendered":"[perex] Nadch\u00e1zej\u00edc\u00ed v\u00edkend na Sedmi\u010dce p\u0159in\u00e1\u0161\u00ed \u0159adu akc\u00ed, kter\u00e9 pot\u011b\u0161\u00ed sportovce, rodiny i&nbsp;obdivovatele pap\u00edru. Kam se vyd\u00e1te vy? [\/perex] V&nbsp;p\u00e1tek 6.&nbsp;\u010dervna 2025 za\u010d\u00edn\u00e1 na Letensk\u00e9 pl\u00e1ni Sv\u011btov\u00fd poh\u00e1r v&nbsp;boulderu. V&nbsp;p\u00e1tek prob\u011bhnou kvalifikace, vstup zdarma. Dal\u0161\u00ed informace najdete zde a&nbsp;tak\u00e9 na facebookov\u00e9 str\u00e1nce. &nbsp; Sobota 7.&nbsp;\u010dervna 2025 v&nbsp;Elektrick\u00fdch podnic\u00edch bude pat\u0159it milovn\u00edk\u016fm pap\u00edru. Festival Pap\u00edrfest [&hellip;]","protected":false},"author":251,"featured_media":78790,"comment_status":"closed","ping_status":"open","sticky":false,"template":"","format":"standard","meta":[],"categories":[34],"tags":[123,91],"_links":{"self":[{"href":"https:\/\/www.praha7.cz\/api\/wp\/v2\/posts\/84704"}],"collection":[{"href":"https:\/\/www.praha7.cz\/api\/wp\/v2\/posts"}],"about":[{"href":"https:\/\/www.praha7.cz\/api\/wp\/v2\/types\/post"}],"author":[{"embeddable":true,"href":"https:\/\/www.praha7.cz\/api\/wp\/v2\/users\/251"}],"replies":[{"embeddable":true,"href":"https:\/\/www.praha7.cz\/api\/wp\/v2\/comments?post=84704"}],"version-history":[{"count":5,"href":"https:\/\/www.praha7.cz\/api\/wp\/v2\/posts\/84704\/revisions"}],"predecessor-version":[{"id":84797,"href":"https:\/\/www.praha7.cz\/api\/wp\/v2\/posts\/84704\/revisions\/84797"}],"wp:featuredmedia":[{"embeddable":true,"href":"https:\/\/www.praha7.cz\/api\/wp\/v2\/media\/78790"}],"wp:attachment":[{"href":"https:\/\/www.praha7.cz\/api\/wp\/v2\/media?parent=84704"}],"wp:term":[{"taxonomy":"category","embeddable":true,"href":"https:\/\/www.praha7.cz\/api\/wp\/v2\/categories?post=84704"},{"taxonomy":"post_tag","embeddable":true,"href":"https:\/\/www.praha7.cz\/api\/wp\/v2\/tags?post=84704"}],"curies":[{"name":"wp","href":"https:\/\/api.w.org\/{rel}","templated":true}]}}