    
{"id":84660,"date":"2025-06-03T12:09:20","date_gmt":"2025-06-03T10:09:20","guid":{"rendered":"https:\/\/www.praha7.cz\/?p=84660"},"modified":"2025-06-03T12:09:20","modified_gmt":"2025-06-03T10:09:20","slug":"zmeny-ve-vedeni-pecovatelskeho-centra-praha-7","status":"publish","type":"post","link":"https:\/\/www.praha7.cz\/zmeny-ve-vedeni-pecovatelskeho-centra-praha-7\/","title":{"rendered":"Zm\u011bny ve veden\u00ed Pe\u010dovatelsk\u00e9ho centra Praha&nbsp;7"},"content":{"rendered":"<p>[perex]<\/p>\r\n<p><a href=\"https:\/\/www.pecovatelskecentrum.cz\/\" target=\"_blank\" rel=\"noopener\">Pe\u010dovatelsk\u00e9 centrum Praha&nbsp;7<\/a> vede od 1.&nbsp;\u010dervna 2025 So\u0148a Hu\u0161ek Morawitzov\u00e1. Zku\u0161enosti s&nbsp;p\u0159\u00edmou p\u00e9\u010di o&nbsp;seniory z\u00edsk\u00e1vala jak v&nbsp;instituc\u00edch, tak v&nbsp;dom\u00e1c\u00edm prost\u0159ed\u00ed a&nbsp;postupn\u011b se od p\u0159\u00edm\u00e9 pr\u00e1ce posunula k&nbsp;pr\u00e1ci koordina\u010dn\u00ed a&nbsp;vedouc\u00ed. P\u0159ed n\u00e1stupem do PCP7 p\u016fsobila jako \u0159editelka Nadace Kr\u00e1sa pomoci, jej\u00edm\u017e posl\u00e1n\u00edm je podpora senior\u016f a&nbsp;neform\u00e1ln\u011b pe\u010duj\u00edc\u00edch a&nbsp;rozv\u00edjen\u00ed pozitivn\u00edho p\u0159\u00edstupu ke st\u00e1\u0159\u00ed. P\u0159ejeme pan\u00ed \u0159editelce hodn\u011b \u00fasp\u011bch\u016f a&nbsp;radosti v&nbsp;nov\u00e9 pozici.<\/p>\r\n<p>Martina Pojarov\u00e1 vedla na\u0161e pe\u010dovatelsk\u00e9 centrum osm let a&nbsp;se sv\u00fdm t\u00fdmem nastavila modern\u00ed trend p\u00e9\u010de, kter\u00fd umo\u017e\u0148uje o&nbsp;seniora pe\u010dovat v&nbsp;dom\u00e1c\u00edm prost\u0159ed\u00ed. Velice j\u00ed d\u011bkujeme za jej\u00ed ob\u011btavou pr\u00e1ci a&nbsp;p\u0159ejeme \u0161t\u011bst\u00ed a&nbsp;spokojenost v&nbsp;nov\u00e9m p\u016fsobi\u0161ti.<\/p>\r\n<p>[\/perex]<\/p>","protected":false},"excerpt":{"rendered":"[perex] Pe\u010dovatelsk\u00e9 centrum Praha&nbsp;7 vede od 1.&nbsp;\u010dervna 2025 So\u0148a Hu\u0161ek Morawitzov\u00e1. Zku\u0161enosti s&nbsp;p\u0159\u00edmou p\u00e9\u010di o&nbsp;seniory z\u00edsk\u00e1vala jak v&nbsp;instituc\u00edch, tak v&nbsp;dom\u00e1c\u00edm prost\u0159ed\u00ed a&nbsp;postupn\u011b se od p\u0159\u00edm\u00e9 pr\u00e1ce posunula k&nbsp;pr\u00e1ci koordina\u010dn\u00ed a&nbsp;vedouc\u00ed. P\u0159ed n\u00e1stupem do PCP7 p\u016fsobila jako \u0159editelka Nadace Kr\u00e1sa pomoci, jej\u00edm\u017e posl\u00e1n\u00edm je podpora senior\u016f a&nbsp;neform\u00e1ln\u011b pe\u010duj\u00edc\u00edch a&nbsp;rozv\u00edjen\u00ed pozitivn\u00edho p\u0159\u00edstupu ke st\u00e1\u0159\u00ed. P\u0159ejeme pan\u00ed \u0159editelce [&hellip;]","protected":false},"author":251,"featured_media":84661,"comment_status":"closed","ping_status":"open","sticky":false,"template":"","format":"standard","meta":[],"categories":[34],"tags":[115],"_links":{"self":[{"href":"https:\/\/www.praha7.cz\/api\/wp\/v2\/posts\/84660"}],"collection":[{"href":"https:\/\/www.praha7.cz\/api\/wp\/v2\/posts"}],"about":[{"href":"https:\/\/www.praha7.cz\/api\/wp\/v2\/types\/post"}],"author":[{"embeddable":true,"href":"https:\/\/www.praha7.cz\/api\/wp\/v2\/users\/251"}],"replies":[{"embeddable":true,"href":"https:\/\/www.praha7.cz\/api\/wp\/v2\/comments?post=84660"}],"version-history":[{"count":1,"href":"https:\/\/www.praha7.cz\/api\/wp\/v2\/posts\/84660\/revisions"}],"predecessor-version":[{"id":84662,"href":"https:\/\/www.praha7.cz\/api\/wp\/v2\/posts\/84660\/revisions\/84662"}],"wp:featuredmedia":[{"embeddable":true,"href":"https:\/\/www.praha7.cz\/api\/wp\/v2\/media\/84661"}],"wp:attachment":[{"href":"https:\/\/www.praha7.cz\/api\/wp\/v2\/media?parent=84660"}],"wp:term":[{"taxonomy":"category","embeddable":true,"href":"https:\/\/www.praha7.cz\/api\/wp\/v2\/categories?post=84660"},{"taxonomy":"post_tag","embeddable":true,"href":"https:\/\/www.praha7.cz\/api\/wp\/v2\/tags?post=84660"}],"curies":[{"name":"wp","href":"https:\/\/api.w.org\/{rel}","templated":true}]}}