    
{"id":84650,"date":"2025-06-02T16:15:36","date_gmt":"2025-06-02T14:15:36","guid":{"rendered":"https:\/\/www.praha7.cz\/?p=84650"},"modified":"2025-06-13T09:16:20","modified_gmt":"2025-06-13T07:16:20","slug":"cervnove-se-starostou-u-stolu-2","status":"publish","type":"post","link":"https:\/\/www.praha7.cz\/cervnove-se-starostou-u-stolu-2\/","title":{"rendered":"\u010cervnov\u00e9 Se starostou u&nbsp;stolu"},"content":{"rendered":"<p>[perex]<\/p>\r\n<p>P\u0159edpr\u00e1zdninov\u00e9 setk\u00e1n\u00ed se starostou Janem \u010ci\u017einsk\u00fdm, m\u00edstostarostkou Lenkou Burgerovou, kter\u00e1 m\u00e1 v&nbsp;gesci rozvoj, a&nbsp;m\u00edstostarostou Pavlem Zelenkou, jen\u017e se star\u00e1 o&nbsp;dopravu, se uskute\u010dn\u00ed ve st\u0159edu 11.&nbsp;\u010dervna 2025 od 18 do 20 hodin v&nbsp;salonku restaurace <a href=\"https:\/\/letenskytulipan.cz\/\" target=\"_blank\" rel=\"noopener\">Letensk\u00fd tulip\u00e1n<\/a> (Milady Hor\u00e1kov\u00e9 83).<\/p>\r\n<p>P\u0159ij\u010fte kdykoli v\u00a0uveden\u00e9m \u010dasov\u00e9m rozmez\u00ed a\u00a0ptejte se na to, co v\u00e1s zaj\u00edm\u00e1 v\u00a0souvislosti s\u00a0d\u011bn\u00edm v\u00a0na\u0161\u00ed \u010dtvrti. Jste srde\u010dn\u011b zv\u00e1ni.<\/p>\r\n<p>[\/perex]<\/p>","protected":false},"excerpt":{"rendered":"[perex] P\u0159edpr\u00e1zdninov\u00e9 setk\u00e1n\u00ed se starostou Janem \u010ci\u017einsk\u00fdm, m\u00edstostarostkou Lenkou Burgerovou, kter\u00e1 m\u00e1 v&nbsp;gesci rozvoj, a&nbsp;m\u00edstostarostou Pavlem Zelenkou, jen\u017e se star\u00e1 o&nbsp;dopravu, se uskute\u010dn\u00ed ve st\u0159edu 11.&nbsp;\u010dervna 2025 od 18 do 20 hodin v&nbsp;salonku restaurace Letensk\u00fd tulip\u00e1n (Milady Hor\u00e1kov\u00e9 83). P\u0159ij\u010fte kdykoli v\u00a0uveden\u00e9m \u010dasov\u00e9m rozmez\u00ed a\u00a0ptejte se na to, co v\u00e1s zaj\u00edm\u00e1 v\u00a0souvislosti s\u00a0d\u011bn\u00edm v\u00a0na\u0161\u00ed \u010dtvrti. [&hellip;]","protected":false},"author":251,"featured_media":72829,"comment_status":"closed","ping_status":"open","sticky":false,"template":"","format":"standard","meta":[],"categories":[34],"tags":[84,110],"_links":{"self":[{"href":"https:\/\/www.praha7.cz\/api\/wp\/v2\/posts\/84650"}],"collection":[{"href":"https:\/\/www.praha7.cz\/api\/wp\/v2\/posts"}],"about":[{"href":"https:\/\/www.praha7.cz\/api\/wp\/v2\/types\/post"}],"author":[{"embeddable":true,"href":"https:\/\/www.praha7.cz\/api\/wp\/v2\/users\/251"}],"replies":[{"embeddable":true,"href":"https:\/\/www.praha7.cz\/api\/wp\/v2\/comments?post=84650"}],"version-history":[{"count":4,"href":"https:\/\/www.praha7.cz\/api\/wp\/v2\/posts\/84650\/revisions"}],"predecessor-version":[{"id":84831,"href":"https:\/\/www.praha7.cz\/api\/wp\/v2\/posts\/84650\/revisions\/84831"}],"wp:featuredmedia":[{"embeddable":true,"href":"https:\/\/www.praha7.cz\/api\/wp\/v2\/media\/72829"}],"wp:attachment":[{"href":"https:\/\/www.praha7.cz\/api\/wp\/v2\/media?parent=84650"}],"wp:term":[{"taxonomy":"category","embeddable":true,"href":"https:\/\/www.praha7.cz\/api\/wp\/v2\/categories?post=84650"},{"taxonomy":"post_tag","embeddable":true,"href":"https:\/\/www.praha7.cz\/api\/wp\/v2\/tags?post=84650"}],"curies":[{"name":"wp","href":"https:\/\/api.w.org\/{rel}","templated":true}]}}