    
{"id":84647,"date":"2025-06-02T16:03:02","date_gmt":"2025-06-02T14:03:02","guid":{"rendered":"https:\/\/www.praha7.cz\/?p=84647"},"modified":"2025-06-06T11:28:43","modified_gmt":"2025-06-06T09:28:43","slug":"vyluka-vody-v-holesovicich-5-cervna","status":"publish","type":"post","link":"https:\/\/www.praha7.cz\/vyluka-vody-v-holesovicich-5-cervna\/","title":{"rendered":"V\u00fdluka vody v&nbsp;Hole\u0161ovic\u00edch 5.&nbsp;\u010dervna"},"content":{"rendered":"<p>[perex]<\/p>\r\n<p>Na z\u00e1klad\u011b informac\u00ed od spole\u010dnosti Pra\u017esk\u00e9 vodovody a&nbsp;kanalizace upozor\u0148ujeme na v\u00fdluku vody v&nbsp;n\u00ed\u017ee uveden\u00fdch ulic\u00edch. V\u00fdluka prob\u011bhne ve \u010dtvrtek 5.&nbsp;\u010dervna 2025 od 8 do 18 hodin. <br \/>\r\n[\/perex]<\/p>\r\n<p>V\u00fdluka vody se bude t\u00fdkat odb\u011brn\u00fdch m\u00edst v&nbsp;ulic\u00edch:<\/p>\r\n<ul>\r\n\t<li>Bubensk\u00e1 sud\u00e1 \u010d.o. od 242\/14 do 122\/20, lich\u00e1 \u010d.o. od 114\/45 do 106\/55<\/li>\r\n\t<li>Jablonsk\u00e9ho<\/li>\r\n\t<li>Jankovcova 960\/40<\/li>\r\n\t<li>Na \u0161acht\u011b<\/li>\r\n\t<li>Na z\u00e1tor\u00e1ch<\/li>\r\n\t<li>Partyz\u00e1nsk\u00e1 3\/1, 218\/5, 1\/7, 188\/7a, 18\/23, 1546\/26, 1575\/30, parc.\u010d. 2279\/3<\/li>\r\n\t<li>Plyn\u00e1rn\u00ed 631\/1, 1364\/4, 636\/21, E167<\/li>\r\n\t<li>Rajsk\u00e1<\/li>\r\n\t<li>U elektr\u00e1rny<\/li>\r\n\t<li>U pap\u00edrny<\/li>\r\n\t<li>U V\u00fdstavi\u0161t\u011b<\/li>\r\n\t<li>Za elektr\u00e1rnou 412\/3<\/li>\r\n\t<li>Za pap\u00edrnou<\/li>\r\n\t<li>\u017delezni\u010d\u00e1\u0159\u016f<\/li>\r\n<\/ul>\r\n<p>D\u016fvodem v\u00fdluky je prov\u00e1d\u011bn\u00ed pl\u00e1novan\u00fdch oprav, udr\u017eovac\u00edch a&nbsp;revizn\u00edch prac\u00ed. D\u011bkujeme za pochopen\u00ed.<\/p>\r\n<p>V\u00edce informac\u00ed <a href=\"https:\/\/www.pvk.cz\/aktuality\/planovane-vyluky\/preruseni-dodavky-vody-v-casti-praha-7-holesovice-dne-5-6-2025\/\" target=\"_blank\" rel=\"noopener\">na str\u00e1nce PVK<\/a>.<\/p>","protected":false},"excerpt":{"rendered":"[perex] Na z\u00e1klad\u011b informac\u00ed od spole\u010dnosti Pra\u017esk\u00e9 vodovody a&nbsp;kanalizace upozor\u0148ujeme na v\u00fdluku vody v&nbsp;n\u00ed\u017ee uveden\u00fdch ulic\u00edch. V\u00fdluka prob\u011bhne ve \u010dtvrtek 5.&nbsp;\u010dervna 2025 od 8 do 18 hodin. [\/perex] V\u00fdluka vody se bude t\u00fdkat odb\u011brn\u00fdch m\u00edst v&nbsp;ulic\u00edch: Bubensk\u00e1 sud\u00e1 \u010d.o. od 242\/14 do 122\/20, lich\u00e1 \u010d.o. od 114\/45 do 106\/55 Jablonsk\u00e9ho Jankovcova 960\/40 Na \u0161acht\u011b Na [&hellip;]","protected":false},"author":251,"featured_media":76621,"comment_status":"closed","ping_status":"open","sticky":false,"template":"","format":"standard","meta":[],"categories":[34],"tags":[139,125],"_links":{"self":[{"href":"https:\/\/www.praha7.cz\/api\/wp\/v2\/posts\/84647"}],"collection":[{"href":"https:\/\/www.praha7.cz\/api\/wp\/v2\/posts"}],"about":[{"href":"https:\/\/www.praha7.cz\/api\/wp\/v2\/types\/post"}],"author":[{"embeddable":true,"href":"https:\/\/www.praha7.cz\/api\/wp\/v2\/users\/251"}],"replies":[{"embeddable":true,"href":"https:\/\/www.praha7.cz\/api\/wp\/v2\/comments?post=84647"}],"version-history":[{"count":1,"href":"https:\/\/www.praha7.cz\/api\/wp\/v2\/posts\/84647\/revisions"}],"predecessor-version":[{"id":84649,"href":"https:\/\/www.praha7.cz\/api\/wp\/v2\/posts\/84647\/revisions\/84649"}],"wp:featuredmedia":[{"embeddable":true,"href":"https:\/\/www.praha7.cz\/api\/wp\/v2\/media\/76621"}],"wp:attachment":[{"href":"https:\/\/www.praha7.cz\/api\/wp\/v2\/media?parent=84647"}],"wp:term":[{"taxonomy":"category","embeddable":true,"href":"https:\/\/www.praha7.cz\/api\/wp\/v2\/categories?post=84647"},{"taxonomy":"post_tag","embeddable":true,"href":"https:\/\/www.praha7.cz\/api\/wp\/v2\/tags?post=84647"}],"curies":[{"name":"wp","href":"https:\/\/api.w.org\/{rel}","templated":true}]}}