    
{"id":84568,"date":"2025-05-28T17:07:35","date_gmt":"2025-05-28T15:07:35","guid":{"rendered":"https:\/\/www.praha7.cz\/?p=84568"},"modified":"2025-06-02T12:26:39","modified_gmt":"2025-06-02T10:26:39","slug":"docasne-uzavreni-spodni-casti-vystaviste-do-2-cervna","status":"publish","type":"post","link":"https:\/\/www.praha7.cz\/docasne-uzavreni-spodni-casti-vystaviste-do-2-cervna\/","title":{"rendered":"Do\u010dasn\u00e9 uzav\u0159en\u00ed spodn\u00ed \u010d\u00e1sti v\u00fdstavi\u0161t\u011b do 2.&nbsp;\u010dervna"},"content":{"rendered":"<p>[perex]<\/p>\r\n<p>Na z\u00e1klad\u011b informac\u00ed V\u00fdstavi\u0161t\u011b upozor\u0148ujeme, \u017ee od \u00fater\u00fd 27.&nbsp;kv\u011btna a\u017e do pond\u011bl\u00ed 2.&nbsp;\u010dervna 6.00 je uzav\u0159ena spodn\u00ed \u010d\u00e1st are\u00e1lu v\u00fdstavi\u0161t\u011b kv\u016fli kon\u00e1n\u00ed akce Legendy. V\u00edce <a href=\"https:\/\/navystavisti.cz\/\" target=\"_blank\" rel=\"noopener\">zde<\/a>.<\/p>\r\n<p>[\/perex]<\/p>\r\n<p>&nbsp;<\/p>\r\n<p><a href=\"https:\/\/www.praha7.cz\/wp-content\/uploads\/2025\/05\/legendy_2025.png\"><img loading=\"lazy\" src=\"https:\/\/www.praha7.cz\/wp-content\/uploads\/2025\/05\/legendy_2025.png\" alt=\"\" width=\"399\" height=\"378\" class=\"alignnone size-full wp-image-84571\" \/><\/a><\/p>","protected":false},"excerpt":{"rendered":"[perex] Na z\u00e1klad\u011b informac\u00ed V\u00fdstavi\u0161t\u011b upozor\u0148ujeme, \u017ee od \u00fater\u00fd 27.&nbsp;kv\u011btna a\u017e do pond\u011bl\u00ed 2.&nbsp;\u010dervna 6.00 je uzav\u0159ena spodn\u00ed \u010d\u00e1st are\u00e1lu v\u00fdstavi\u0161t\u011b kv\u016fli kon\u00e1n\u00ed akce Legendy. V\u00edce zde. [\/perex] &nbsp;","protected":false},"author":251,"featured_media":37264,"comment_status":"closed","ping_status":"open","sticky":false,"template":"","format":"standard","meta":[],"categories":[34],"tags":[91],"_links":{"self":[{"href":"https:\/\/www.praha7.cz\/api\/wp\/v2\/posts\/84568"}],"collection":[{"href":"https:\/\/www.praha7.cz\/api\/wp\/v2\/posts"}],"about":[{"href":"https:\/\/www.praha7.cz\/api\/wp\/v2\/types\/post"}],"author":[{"embeddable":true,"href":"https:\/\/www.praha7.cz\/api\/wp\/v2\/users\/251"}],"replies":[{"embeddable":true,"href":"https:\/\/www.praha7.cz\/api\/wp\/v2\/comments?post=84568"}],"version-history":[{"count":3,"href":"https:\/\/www.praha7.cz\/api\/wp\/v2\/posts\/84568\/revisions"}],"predecessor-version":[{"id":84573,"href":"https:\/\/www.praha7.cz\/api\/wp\/v2\/posts\/84568\/revisions\/84573"}],"wp:featuredmedia":[{"embeddable":true,"href":"https:\/\/www.praha7.cz\/api\/wp\/v2\/media\/37264"}],"wp:attachment":[{"href":"https:\/\/www.praha7.cz\/api\/wp\/v2\/media?parent=84568"}],"wp:term":[{"taxonomy":"category","embeddable":true,"href":"https:\/\/www.praha7.cz\/api\/wp\/v2\/categories?post=84568"},{"taxonomy":"post_tag","embeddable":true,"href":"https:\/\/www.praha7.cz\/api\/wp\/v2\/tags?post=84568"}],"curies":[{"name":"wp","href":"https:\/\/api.w.org\/{rel}","templated":true}]}}