    
{"id":84556,"date":"2025-05-28T14:29:17","date_gmt":"2025-05-28T12:29:17","guid":{"rendered":"https:\/\/www.praha7.cz\/?p=84556"},"modified":"2025-05-30T12:05:31","modified_gmt":"2025-05-30T10:05:31","slug":"docasne-uzavreni-ic-milady-horakove-ve-ctvrtek-29-kvetna","status":"publish","type":"post","link":"https:\/\/www.praha7.cz\/docasne-uzavreni-ic-milady-horakove-ve-ctvrtek-29-kvetna\/","title":{"rendered":"Do\u010dasn\u00e9 uzav\u0159en\u00ed IC Milady Hor\u00e1kov\u00e9 ve \u010dtvrtek 29.&nbsp;kv\u011btna od 14 hodin"},"content":{"rendered":"<p>[perex]<\/p>\r\n<p>Dovolujeme si v\u00e1s upozornit, \u017ee z&nbsp;technick\u00fdch d\u016fvod\u016f bude ve \u010dtvrtek 29.&nbsp;kv\u011btna 2025 uzav\u0159eno IC Milady Hor\u00e1kov\u00e9 ji\u017e ve 14 hodin. Od 14 hodin budou rovn\u011b\u017e omezeny n\u011bkter\u00e9 slu\u017eby, nap\u0159\u00edklad agenda doklad\u016f a&nbsp;parkovac\u00edch opr\u00e1vn\u011bn\u00ed, v&nbsp;budov\u011b radnice (U&nbsp;Pr\u016fhonu 38). Omlouv\u00e1me se za p\u0159\u00edpadn\u00e9 nep\u0159\u00edjemnosti a&nbsp;d\u011bkujeme za pochopen\u00ed.<\/p>\r\n<p>[\/perex]<\/p>","protected":false},"excerpt":{"rendered":"[perex] Dovolujeme si v\u00e1s upozornit, \u017ee z&nbsp;technick\u00fdch d\u016fvod\u016f bude ve \u010dtvrtek 29.&nbsp;kv\u011btna 2025 uzav\u0159eno IC Milady Hor\u00e1kov\u00e9 ji\u017e ve 14 hodin. Od 14 hodin budou rovn\u011b\u017e omezeny n\u011bkter\u00e9 slu\u017eby, nap\u0159\u00edklad agenda doklad\u016f a&nbsp;parkovac\u00edch opr\u00e1vn\u011bn\u00ed, v&nbsp;budov\u011b radnice (U&nbsp;Pr\u016fhonu 38). Omlouv\u00e1me se za p\u0159\u00edpadn\u00e9 nep\u0159\u00edjemnosti a&nbsp;d\u011bkujeme za pochopen\u00ed. [\/perex]","protected":false},"author":251,"featured_media":37003,"comment_status":"closed","ping_status":"open","sticky":false,"template":"","format":"standard","meta":[],"categories":[34],"tags":[84],"_links":{"self":[{"href":"https:\/\/www.praha7.cz\/api\/wp\/v2\/posts\/84556"}],"collection":[{"href":"https:\/\/www.praha7.cz\/api\/wp\/v2\/posts"}],"about":[{"href":"https:\/\/www.praha7.cz\/api\/wp\/v2\/types\/post"}],"author":[{"embeddable":true,"href":"https:\/\/www.praha7.cz\/api\/wp\/v2\/users\/251"}],"replies":[{"embeddable":true,"href":"https:\/\/www.praha7.cz\/api\/wp\/v2\/comments?post=84556"}],"version-history":[{"count":5,"href":"https:\/\/www.praha7.cz\/api\/wp\/v2\/posts\/84556\/revisions"}],"predecessor-version":[{"id":84619,"href":"https:\/\/www.praha7.cz\/api\/wp\/v2\/posts\/84556\/revisions\/84619"}],"wp:featuredmedia":[{"embeddable":true,"href":"https:\/\/www.praha7.cz\/api\/wp\/v2\/media\/37003"}],"wp:attachment":[{"href":"https:\/\/www.praha7.cz\/api\/wp\/v2\/media?parent=84556"}],"wp:term":[{"taxonomy":"category","embeddable":true,"href":"https:\/\/www.praha7.cz\/api\/wp\/v2\/categories?post=84556"},{"taxonomy":"post_tag","embeddable":true,"href":"https:\/\/www.praha7.cz\/api\/wp\/v2\/tags?post=84556"}],"curies":[{"name":"wp","href":"https:\/\/api.w.org\/{rel}","templated":true}]}}