    
{"id":84552,"date":"2025-05-28T12:20:17","date_gmt":"2025-05-28T10:20:17","guid":{"rendered":"https:\/\/www.praha7.cz\/?p=84552"},"modified":"2025-06-02T12:26:03","modified_gmt":"2025-06-02T10:26:03","slug":"nedelni-preruseni-provozu-metra-v-useku-hlavni-nadrazi-vltavska","status":"publish","type":"post","link":"https:\/\/www.praha7.cz\/nedelni-preruseni-provozu-metra-v-useku-hlavni-nadrazi-vltavska\/","title":{"rendered":"Ned\u011bln\u00ed p\u0159eru\u0161en\u00ed provozu metra v&nbsp;\u00faseku Hlavn\u00ed n\u00e1dra\u017e\u00ed \u2013 Vltavsk\u00e1"},"content":{"rendered":"<p>[perex]<\/p>\r\n<p>Z d\u016fvodu rekonstrukce stropn\u00ed desky ve stanici Florenc dojde v&nbsp;ned\u011bli 1.&nbsp;\u010dervna 2025 (od cca 4.30 do 23.59) k&nbsp;do\u010dasn\u00e9mu p\u0159eru\u0161en\u00ed provozu metra linky C v&nbsp;\u00faseku Hlavn\u00ed n\u00e1dra\u017e\u00ed \u2013 Vltavsk\u00e1 (obousm\u011brn\u011b). M\u00edsto metra budou k&nbsp;dispozici n\u00e1hradn\u00ed tramvajov\u00e9 linky XC a&nbsp;36.\u00a0<\/p>\r\n<p>[\/perex]<\/p>\r\n<p><strong>Linka XC<\/strong> v&nbsp;trase Hlavn\u00ed n\u00e1dra\u017e\u00ed (v&nbsp;Opletalov\u011b ulici) \u2013 Masarykovo n\u00e1dra\u017e\u00ed \u2013 B\u00edl\u00e1 labu\u0165 \u2013 T\u011b\u0161nov \u2013 Vltavsk\u00e1 (na p\u0159edpol\u00ed Hl\u00e1vkova mostu) \u2013 Strossmayerovo n\u00e1m\u011bst\u00ed\u2013 Letensk\u00e9 n\u00e1m\u011bst\u00ed \u2013 \u0160pejchar<\/p>\r\n<p><br \/>\r\n<strong>Linka 36<\/strong> v&nbsp;trase Vozovna Kobylisy \u2013 Kobylisy \u2013 Bulovka \u2013 Palmovka \u2013 Invalidovna \u2013 K\u0159i\u017e\u00edkova \u2013 Florenc \u2013 B\u00edl\u00e1 labu\u0165 \u2013 Masarykovo n\u00e1dra\u017e\u00ed \u2013 Jind\u0159i\u0161sk\u00e1 \u2013 V\u00e1clavsk\u00e9 n\u00e1m\u011bst\u00ed \u2013 Lazarsk\u00e1 \u2013 Karlovo n\u00e1m\u011bst\u00ed \u2013 I. P. Pavlova \u2013 Zvona\u0159ka<\/p>\r\n<p><br \/>\r\nZm\u011bny se dotknou tak\u00e9 tramvajov\u00e9 <strong>linky 23<\/strong>, kter\u00e1 bude ze zast\u00e1vky I. P. Pavlova prodlou\u017eena p\u0159es Nuselsk\u00e9 schody na N\u00e1m\u011bst\u00ed Brat\u0159\u00ed Synk\u016f.<\/p>\r\n<p><a href=\"https:\/\/pid.cz\/zmena\/hlavni-nadrazi-vltavska-docasne-preruseni-provozu-metra-2733-3\/\" target=\"_blank\" rel=\"noopener\">Detaily na webu PID.<\/a><\/p>","protected":false},"excerpt":{"rendered":"[perex] Z&nbsp;d\u016fvodu rekonstrukce stropn\u00ed desky ve stanici Florenc dojde v&nbsp;ned\u011bli 1.&nbsp;\u010dervna 2025 (od cca 4.30 do 23.59) k&nbsp;do\u010dasn\u00e9mu p\u0159eru\u0161en\u00ed provozu metra linky C v&nbsp;\u00faseku Hlavn\u00ed n\u00e1dra\u017e\u00ed \u2013 Vltavsk\u00e1 (obousm\u011brn\u011b). M\u00edsto metra budou k&nbsp;dispozici n\u00e1hradn\u00ed tramvajov\u00e9 linky XC a&nbsp;36.\u00a0 [\/perex] Linka XC v&nbsp;trase Hlavn\u00ed n\u00e1dra\u017e\u00ed (v&nbsp;Opletalov\u011b ulici) \u2013 Masarykovo n\u00e1dra\u017e\u00ed \u2013 B\u00edl\u00e1 labu\u0165 \u2013 T\u011b\u0161nov [&hellip;]","protected":false},"author":251,"featured_media":59578,"comment_status":"closed","ping_status":"open","sticky":false,"template":"","format":"standard","meta":[],"categories":[34],"tags":[57,125],"_links":{"self":[{"href":"https:\/\/www.praha7.cz\/api\/wp\/v2\/posts\/84552"}],"collection":[{"href":"https:\/\/www.praha7.cz\/api\/wp\/v2\/posts"}],"about":[{"href":"https:\/\/www.praha7.cz\/api\/wp\/v2\/types\/post"}],"author":[{"embeddable":true,"href":"https:\/\/www.praha7.cz\/api\/wp\/v2\/users\/251"}],"replies":[{"embeddable":true,"href":"https:\/\/www.praha7.cz\/api\/wp\/v2\/comments?post=84552"}],"version-history":[{"count":1,"href":"https:\/\/www.praha7.cz\/api\/wp\/v2\/posts\/84552\/revisions"}],"predecessor-version":[{"id":84553,"href":"https:\/\/www.praha7.cz\/api\/wp\/v2\/posts\/84552\/revisions\/84553"}],"wp:featuredmedia":[{"embeddable":true,"href":"https:\/\/www.praha7.cz\/api\/wp\/v2\/media\/59578"}],"wp:attachment":[{"href":"https:\/\/www.praha7.cz\/api\/wp\/v2\/media?parent=84552"}],"wp:term":[{"taxonomy":"category","embeddable":true,"href":"https:\/\/www.praha7.cz\/api\/wp\/v2\/categories?post=84552"},{"taxonomy":"post_tag","embeddable":true,"href":"https:\/\/www.praha7.cz\/api\/wp\/v2\/tags?post=84552"}],"curies":[{"name":"wp","href":"https:\/\/api.w.org\/{rel}","templated":true}]}}