    
{"id":84401,"date":"2025-05-23T15:51:07","date_gmt":"2025-05-23T13:51:07","guid":{"rendered":"https:\/\/www.praha7.cz\/?p=84401"},"modified":"2025-05-26T06:14:12","modified_gmt":"2025-05-26T04:14:12","slug":"kratkodobe-uzavreni-trojskeho-mostu-a-letenskeho-tunelu","status":"publish","type":"post","link":"https:\/\/www.praha7.cz\/kratkodobe-uzavreni-trojskeho-mostu-a-letenskeho-tunelu\/","title":{"rendered":"Kr\u00e1tkodob\u00e9 uzav\u0159en\u00ed Trojsk\u00e9ho mostu a&nbsp;Letensk\u00e9ho tunelu"},"content":{"rendered":"<p>[perex]<\/p>\r\n<p>Upozor\u0148ujeme, \u017ee z&nbsp;d\u016fvodu nat\u00e1\u010den\u00ed dojde v&nbsp;ned\u011bli 25.&nbsp;kv\u011btna 2025 ke kr\u00e1tkodob\u00e9mu uzav\u0159en\u00ed Trojsk\u00e9ho mostu pro automobilovou dopravu ve sm\u011bru z&nbsp;centra, a&nbsp;to v&nbsp;\u010dase od 20.00 do 24.00. Sm\u011br do centra z\u016fstane pr\u016fjezdn\u00fd, pouze m\u016f\u017ee doj\u00edt k&nbsp;do\u010dasn\u00e9mu p\u0159idr\u017een\u00ed dopravy b\u011bhem z\u00e1b\u011br\u016f. Z\u00e1rove\u0148 bude v&nbsp;pond\u011bl\u00ed 26.&nbsp;kv\u011btna 2025 od 0.30 do 4.30 uzav\u0159en Letensk\u00fd tunel.<\/p>\r\n<p>Rozhodnut\u00ed vydal Odbor pozemn\u00edch komunikac\u00ed a&nbsp;drah Magistr\u00e1tu hl. m. Prahy.<\/p>\r\n<p>[\/perex]<\/p>","protected":false},"excerpt":{"rendered":"[perex] Upozor\u0148ujeme, \u017ee z&nbsp;d\u016fvodu nat\u00e1\u010den\u00ed dojde v&nbsp;ned\u011bli 25.&nbsp;kv\u011btna 2025 ke kr\u00e1tkodob\u00e9mu uzav\u0159en\u00ed Trojsk\u00e9ho mostu pro automobilovou dopravu ve sm\u011bru z&nbsp;centra, a&nbsp;to v&nbsp;\u010dase od 20.00 do 24.00. Sm\u011br do centra z\u016fstane pr\u016fjezdn\u00fd, pouze m\u016f\u017ee doj\u00edt k&nbsp;do\u010dasn\u00e9mu p\u0159idr\u017een\u00ed dopravy b\u011bhem z\u00e1b\u011br\u016f. Z\u00e1rove\u0148 bude v&nbsp;pond\u011bl\u00ed 26.&nbsp;kv\u011btna 2025 od 0.30 do 4.30 uzav\u0159en Letensk\u00fd tunel. Rozhodnut\u00ed vydal Odbor pozemn\u00edch [&hellip;]","protected":false},"author":5,"featured_media":84402,"comment_status":"closed","ping_status":"open","sticky":false,"template":"","format":"standard","meta":[],"categories":[34],"tags":[57],"_links":{"self":[{"href":"https:\/\/www.praha7.cz\/api\/wp\/v2\/posts\/84401"}],"collection":[{"href":"https:\/\/www.praha7.cz\/api\/wp\/v2\/posts"}],"about":[{"href":"https:\/\/www.praha7.cz\/api\/wp\/v2\/types\/post"}],"author":[{"embeddable":true,"href":"https:\/\/www.praha7.cz\/api\/wp\/v2\/users\/5"}],"replies":[{"embeddable":true,"href":"https:\/\/www.praha7.cz\/api\/wp\/v2\/comments?post=84401"}],"version-history":[{"count":1,"href":"https:\/\/www.praha7.cz\/api\/wp\/v2\/posts\/84401\/revisions"}],"predecessor-version":[{"id":84403,"href":"https:\/\/www.praha7.cz\/api\/wp\/v2\/posts\/84401\/revisions\/84403"}],"wp:featuredmedia":[{"embeddable":true,"href":"https:\/\/www.praha7.cz\/api\/wp\/v2\/media\/84402"}],"wp:attachment":[{"href":"https:\/\/www.praha7.cz\/api\/wp\/v2\/media?parent=84401"}],"wp:term":[{"taxonomy":"category","embeddable":true,"href":"https:\/\/www.praha7.cz\/api\/wp\/v2\/categories?post=84401"},{"taxonomy":"post_tag","embeddable":true,"href":"https:\/\/www.praha7.cz\/api\/wp\/v2\/tags?post=84401"}],"curies":[{"name":"wp","href":"https:\/\/api.w.org\/{rel}","templated":true}]}}