    
{"id":84398,"date":"2025-05-23T13:00:03","date_gmt":"2025-05-23T11:00:03","guid":{"rendered":"https:\/\/www.praha7.cz\/?p=84398"},"modified":"2025-06-18T15:34:07","modified_gmt":"2025-06-18T13:34:07","slug":"cviceni-joga-25","status":"publish","type":"post","link":"https:\/\/www.praha7.cz\/cviceni-joga-25\/","title":{"rendered":"Cvi\u010dte s&nbsp;n\u00e1mi pod \u0161ir\u00fdm nebem"},"content":{"rendered":"<p>[perex]<\/p>\r\n<p>N\u00e1dech a&nbsp;v\u00fddech pod korunami strom\u016f, prota\u017een\u00ed pod blankytn\u011b modrou oblohou, relaxace, p\u0159i kter\u00e9 \u0161t\u011bbetaj\u00ed pt\u00e1ci\u2026 Pokud v\u00e1s popis takov\u00e9ho cvi\u010den\u00ed zaujal, nev\u00e1hejte a&nbsp;cvi\u010dte s&nbsp;n\u00e1mi! Od \u010dervna za\u010d\u00ednaj\u00ed obl\u00edben\u00e9 pohybov\u00e9 aktivity: kondi\u010dn\u00ed cvi\u010den\u00ed ve Stromovce a&nbsp;j\u00f3ga v&nbsp;Letensk\u00fdch sadech. Pro v\u0161echny v\u011bkov\u00e9 kategorie, zdarma.<\/p>\r\n<p>[\/perex]<\/p>\r\n<h3>Kondi\u010dn\u00ed cvi\u010den\u00ed ve Stromovce<\/h3>\r\n<p><strong>2.&nbsp;\u010dervna \u2013 29.&nbsp;z\u00e1\u0159\u00ed 2025<\/strong><\/p>\r\n<p><strong>pond\u011bl\u00ed a&nbsp;st\u0159eda od 10 do 11 hodin<\/strong><\/p>\r\n<p><strong>Stromovka u&nbsp;planet\u00e1ria<\/strong><\/p>\r\n<p>P\u0159i nep\u0159\u00edzni po\u010das\u00ed se program p\u0159esouv\u00e1 do klubu Sedmi\u010dka v&nbsp;pohybu (Bubensk\u00e1 577). V&nbsp;p\u0159\u00edpad\u011b nejasnost\u00ed, zda se cvi\u010d\u00ed venku, nebo uvnit\u0159, volejte 608&nbsp;040&nbsp;505. Podlo\u017eku na cvi\u010den\u00ed s&nbsp;sebou. Zdarma, bez rezervace.<\/p>\r\n<hr \/>\r\n<h3>J\u00f3ga v&nbsp;Letensk\u00fdch sadech<\/h3>\r\n<p><strong>4.&nbsp;\u010dervna \u2013 24.&nbsp;z\u00e1\u0159\u00ed 2025<\/strong><\/p>\r\n<p><strong>st\u0159eda od 18 do 19 hodin<\/strong><\/p>\r\n<p><strong>Letensk\u00e9 sady, sraz pobl\u00ed\u017e zast\u00e1vky Sparta<\/strong><\/p>\r\n<p>Sraz jog\u00ednek a&nbsp;jog\u00edn\u016f v\u0161eho v\u011bku je v\u017edy v&nbsp;17.50 vedle zast\u00e1vky tramvaje Sparta, u&nbsp;vy\u0301jezdu z&nbsp;podzemn\u00edch gar\u00e1\u017e\u00ed. Lekci vedou lektorky ze studia J\u00f3ga Letn\u00e1. Cvi\u010d\u00ed se za ka\u017ed\u00e9ho po\u010das\u00ed, v&nbsp;p\u0159\u00edpad\u011b de\u0161t\u011b pod stromy. J\u00f3gamatku, karimatku nebo deku na cvi\u010den\u00ed s&nbsp;sebou. Zdarma, bez rezervace.<\/p>","protected":false},"excerpt":{"rendered":"[perex] N\u00e1dech a&nbsp;v\u00fddech pod korunami strom\u016f, prota\u017een\u00ed pod blankytn\u011b modrou oblohou, relaxace, p\u0159i kter\u00e9 \u0161t\u011bbetaj\u00ed pt\u00e1ci\u2026 Pokud v\u00e1s popis takov\u00e9ho cvi\u010den\u00ed zaujal, nev\u00e1hejte a&nbsp;cvi\u010dte s&nbsp;n\u00e1mi! Od \u010dervna za\u010d\u00ednaj\u00ed obl\u00edben\u00e9 pohybov\u00e9 aktivity: kondi\u010dn\u00ed cvi\u010den\u00ed ve Stromovce a&nbsp;j\u00f3ga v&nbsp;Letensk\u00fdch sadech. Pro v\u0161echny v\u011bkov\u00e9 kategorie, zdarma. [\/perex] Kondi\u010dn\u00ed cvi\u010den\u00ed ve Stromovce 2.&nbsp;\u010dervna \u2013 29.&nbsp;z\u00e1\u0159\u00ed 2025 pond\u011bl\u00ed a&nbsp;st\u0159eda od [&hellip;]","protected":false},"author":251,"featured_media":84399,"comment_status":"closed","ping_status":"open","sticky":false,"template":"","format":"standard","meta":[],"categories":[34],"tags":[122,91],"_links":{"self":[{"href":"https:\/\/www.praha7.cz\/api\/wp\/v2\/posts\/84398"}],"collection":[{"href":"https:\/\/www.praha7.cz\/api\/wp\/v2\/posts"}],"about":[{"href":"https:\/\/www.praha7.cz\/api\/wp\/v2\/types\/post"}],"author":[{"embeddable":true,"href":"https:\/\/www.praha7.cz\/api\/wp\/v2\/users\/251"}],"replies":[{"embeddable":true,"href":"https:\/\/www.praha7.cz\/api\/wp\/v2\/comments?post=84398"}],"version-history":[{"count":3,"href":"https:\/\/www.praha7.cz\/api\/wp\/v2\/posts\/84398\/revisions"}],"predecessor-version":[{"id":84627,"href":"https:\/\/www.praha7.cz\/api\/wp\/v2\/posts\/84398\/revisions\/84627"}],"wp:featuredmedia":[{"embeddable":true,"href":"https:\/\/www.praha7.cz\/api\/wp\/v2\/media\/84399"}],"wp:attachment":[{"href":"https:\/\/www.praha7.cz\/api\/wp\/v2\/media?parent=84398"}],"wp:term":[{"taxonomy":"category","embeddable":true,"href":"https:\/\/www.praha7.cz\/api\/wp\/v2\/categories?post=84398"},{"taxonomy":"post_tag","embeddable":true,"href":"https:\/\/www.praha7.cz\/api\/wp\/v2\/tags?post=84398"}],"curies":[{"name":"wp","href":"https:\/\/api.w.org\/{rel}","templated":true}]}}