    
{"id":84384,"date":"2025-04-21T15:02:27","date_gmt":"2025-04-21T13:02:27","guid":{"rendered":"https:\/\/www.praha7.cz\/?p=84384"},"modified":"2026-04-20T10:56:07","modified_gmt":"2026-04-20T08:56:07","slug":"letni-skolka-2025","status":"publish","type":"post","link":"https:\/\/www.praha7.cz\/letni-skolka-2025\/","title":{"rendered":"Letn\u00ed \u0161kolka 2026"},"content":{"rendered":"<p>[perex]<\/p>\r\n<p>Tradi\u010dn\u00ed Letn\u00ed \u0161kolka Prahy&nbsp;7 pro d\u011bti z&nbsp;mate\u0159inek a&nbsp;prvn\u00edho stupn\u011b Z\u0160 se letos uskute\u010dn\u00ed v&nbsp;\u010dty\u0159ech turnusech v&nbsp;Z\u0160 a&nbsp;M\u0160 Tusarova a&nbsp;Z\u0160 Strossmayerovo n\u00e1m\u011bst\u00ed.<\/p>\r\n<p><strong>Omlouv\u00e1me se, ale kapacita letn\u00ed \u0161kolky je ji\u017e zapln\u011bna. D\u011bkujeme za pochopen\u00ed.\u00a0<\/strong><\/p>\r\n<p>[\/perex]<\/p>\r\n<h3>Letn\u00ed \u0161kolka prob\u00edh\u00e1 v&nbsp;n\u00e1sleduj\u00edc\u00edch term\u00ednech:<\/h3>\r\n<p><a href=\"https:\/\/skolatusarova.cz\/materska-skola\/dulezita-sdeleni\/letni-skolka.406\" target=\"_blank\" rel=\"noopener\">Z\u0160 a&nbsp;M\u0160 Tusarova<\/a>: 20.&nbsp;7. \u2013 31.&nbsp;7.&nbsp;2026 (dva turnusy)<br \/>\r\n<a href=\"https:\/\/www.zsstross.cz\/menu\/letn%C3%AD-%C5%A1kolka-v-p7\" target=\"_blank\" rel=\"noopener\">Z\u0160 Stross<\/a>: 3.&nbsp;8. \u2013 14.&nbsp;8.&nbsp;2026 (dva turnusy)<\/p>\r\n<p>V\u00edce informac\u00ed se dozv\u00edte na str\u00e1nk\u00e1ch po\u0159\u00e1daj\u00edc\u00edch \u0161kol.<\/p>\r\n<p><em>P\u0159ejeme v\u0161em d\u011btem i&nbsp;jejich rodi\u010d\u016fm kr\u00e1sn\u00e9 bezstarostn\u00e9 l\u00e9to.<\/em><\/p>","protected":false},"excerpt":{"rendered":"[perex] Tradi\u010dn\u00ed Letn\u00ed \u0161kolka Prahy&nbsp;7 pro d\u011bti z&nbsp;mate\u0159inek a&nbsp;prvn\u00edho stupn\u011b Z\u0160 se letos uskute\u010dn\u00ed v&nbsp;\u010dty\u0159ech turnusech v&nbsp;Z\u0160 a&nbsp;M\u0160 Tusarova a&nbsp;Z\u0160 Strossmayerovo n\u00e1m\u011bst\u00ed. Omlouv\u00e1me se, ale kapacita letn\u00ed \u0161kolky je ji\u017e zapln\u011bna. D\u011bkujeme za pochopen\u00ed.\u00a0 [\/perex] Letn\u00ed \u0161kolka prob\u00edh\u00e1 v&nbsp;n\u00e1sleduj\u00edc\u00edch term\u00ednech: Z\u0160 a&nbsp;M\u0160 Tusarova: 20.&nbsp;7. \u2013 31.&nbsp;7.&nbsp;2026 (dva turnusy) Z\u0160 Stross: 3.&nbsp;8. \u2013 14.&nbsp;8.&nbsp;2026 (dva turnusy) [&hellip;]","protected":false},"author":5,"featured_media":64346,"comment_status":"closed","ping_status":"open","sticky":false,"template":"","format":"standard","meta":[],"categories":[34],"tags":[123,83],"_links":{"self":[{"href":"https:\/\/www.praha7.cz\/api\/wp\/v2\/posts\/84384"}],"collection":[{"href":"https:\/\/www.praha7.cz\/api\/wp\/v2\/posts"}],"about":[{"href":"https:\/\/www.praha7.cz\/api\/wp\/v2\/types\/post"}],"author":[{"embeddable":true,"href":"https:\/\/www.praha7.cz\/api\/wp\/v2\/users\/5"}],"replies":[{"embeddable":true,"href":"https:\/\/www.praha7.cz\/api\/wp\/v2\/comments?post=84384"}],"version-history":[{"count":9,"href":"https:\/\/www.praha7.cz\/api\/wp\/v2\/posts\/84384\/revisions"}],"predecessor-version":[{"id":91300,"href":"https:\/\/www.praha7.cz\/api\/wp\/v2\/posts\/84384\/revisions\/91300"}],"wp:featuredmedia":[{"embeddable":true,"href":"https:\/\/www.praha7.cz\/api\/wp\/v2\/media\/64346"}],"wp:attachment":[{"href":"https:\/\/www.praha7.cz\/api\/wp\/v2\/media?parent=84384"}],"wp:term":[{"taxonomy":"category","embeddable":true,"href":"https:\/\/www.praha7.cz\/api\/wp\/v2\/categories?post=84384"},{"taxonomy":"post_tag","embeddable":true,"href":"https:\/\/www.praha7.cz\/api\/wp\/v2\/tags?post=84384"}],"curies":[{"name":"wp","href":"https:\/\/api.w.org\/{rel}","templated":true}]}}