    
{"id":84367,"date":"2025-05-22T11:57:05","date_gmt":"2025-05-22T09:57:05","guid":{"rendered":"https:\/\/www.praha7.cz\/?p=84367"},"modified":"2025-05-22T11:57:05","modified_gmt":"2025-05-22T09:57:05","slug":"zaci-zs-korunovacni-predstavili-svou-historickou-vystavu-na-radnici","status":"publish","type":"post","link":"https:\/\/www.praha7.cz\/zaci-zs-korunovacni-predstavili-svou-historickou-vystavu-na-radnici\/","title":{"rendered":"\u017d\u00e1ci Z\u0160 Korunova\u010dn\u00ed p\u0159edstavili svou historickou v\u00fdstavu na radnici"},"content":{"rendered":"<p>[perex]<\/p>\r\n<p>U p\u0159\u00edle\u017eitosti dvou v\u00fdznamn\u00fdch v\u00fdro\u010d\u00ed \u2013 80 let od konce druh\u00e9 sv\u011btov\u00e9 v\u00e1lky a&nbsp;75 let od justi\u010dn\u00ed vra\u017edy Milady Hor\u00e1kov\u00e9 \u2013 p\u0159ipravili \u017e\u00e1kyn\u011b a&nbsp;\u017e\u00e1ci druh\u00e9ho stupn\u011b Z\u0160 Korunova\u010dn\u00ed historickou v\u00fdstavu. K&nbsp;vid\u011bn\u00ed byla v&nbsp;prostor\u00e1ch \u0161koly, pot\u00e9 se jej\u00ed \u010d\u00e1st p\u0159esunula do zastupitelsk\u00e9ho s\u00e1lu radnice, kde ji \u017eactvo ve \u010dtvrtek 22.&nbsp;kv\u011btna 2025 odprezentovalo.<\/p>\r\n<p>[\/perex]<\/p>\r\n<p><img loading=\"lazy\" src=\"https:\/\/www.praha7.cz\/wp-content\/uploads\/2025\/05\/prace_ZS_Korunovacni_na_radnici-6-1333x1000.jpg\" alt=\"\" width=\"640\" height=\"480\" class=\"alignnone size-large wp-image-84369\" srcset=\"https:\/\/www.praha7.cz\/wp-content\/uploads\/2025\/05\/prace_ZS_Korunovacni_na_radnici-6-1333x1000.jpg 1333w, https:\/\/www.praha7.cz\/wp-content\/uploads\/2025\/05\/prace_ZS_Korunovacni_na_radnici-6-533x400.jpg 533w, https:\/\/www.praha7.cz\/wp-content\/uploads\/2025\/05\/prace_ZS_Korunovacni_na_radnici-6-768x576.jpg 768w, https:\/\/www.praha7.cz\/wp-content\/uploads\/2025\/05\/prace_ZS_Korunovacni_na_radnici-6-1536x1153.jpg 1536w, https:\/\/www.praha7.cz\/wp-content\/uploads\/2025\/05\/prace_ZS_Korunovacni_na_radnici-6-2048x1537.jpg 2048w\" sizes=\"(max-width: 640px) 100vw, 640px\" \/><\/p>","protected":false},"excerpt":{"rendered":"[perex] U&nbsp;p\u0159\u00edle\u017eitosti dvou v\u00fdznamn\u00fdch v\u00fdro\u010d\u00ed \u2013 80 let od konce druh\u00e9 sv\u011btov\u00e9 v\u00e1lky a&nbsp;75 let od justi\u010dn\u00ed vra\u017edy Milady Hor\u00e1kov\u00e9 \u2013 p\u0159ipravili \u017e\u00e1kyn\u011b a&nbsp;\u017e\u00e1ci druh\u00e9ho stupn\u011b Z\u0160 Korunova\u010dn\u00ed historickou v\u00fdstavu. K&nbsp;vid\u011bn\u00ed byla v&nbsp;prostor\u00e1ch \u0161koly, pot\u00e9 se jej\u00ed \u010d\u00e1st p\u0159esunula do zastupitelsk\u00e9ho s\u00e1lu radnice, kde ji \u017eactvo ve \u010dtvrtek 22.&nbsp;kv\u011btna 2025 odprezentovalo. [\/perex]","protected":false},"author":251,"featured_media":84368,"comment_status":"closed","ping_status":"open","sticky":false,"template":"","format":"standard","meta":[],"categories":[34],"tags":[83,110],"_links":{"self":[{"href":"https:\/\/www.praha7.cz\/api\/wp\/v2\/posts\/84367"}],"collection":[{"href":"https:\/\/www.praha7.cz\/api\/wp\/v2\/posts"}],"about":[{"href":"https:\/\/www.praha7.cz\/api\/wp\/v2\/types\/post"}],"author":[{"embeddable":true,"href":"https:\/\/www.praha7.cz\/api\/wp\/v2\/users\/251"}],"replies":[{"embeddable":true,"href":"https:\/\/www.praha7.cz\/api\/wp\/v2\/comments?post=84367"}],"version-history":[{"count":2,"href":"https:\/\/www.praha7.cz\/api\/wp\/v2\/posts\/84367\/revisions"}],"predecessor-version":[{"id":84393,"href":"https:\/\/www.praha7.cz\/api\/wp\/v2\/posts\/84367\/revisions\/84393"}],"wp:featuredmedia":[{"embeddable":true,"href":"https:\/\/www.praha7.cz\/api\/wp\/v2\/media\/84368"}],"wp:attachment":[{"href":"https:\/\/www.praha7.cz\/api\/wp\/v2\/media?parent=84367"}],"wp:term":[{"taxonomy":"category","embeddable":true,"href":"https:\/\/www.praha7.cz\/api\/wp\/v2\/categories?post=84367"},{"taxonomy":"post_tag","embeddable":true,"href":"https:\/\/www.praha7.cz\/api\/wp\/v2\/tags?post=84367"}],"curies":[{"name":"wp","href":"https:\/\/api.w.org\/{rel}","templated":true}]}}