    
{"id":84360,"date":"2025-05-22T11:41:04","date_gmt":"2025-05-22T09:41:04","guid":{"rendered":"https:\/\/www.praha7.cz\/?p=84360"},"modified":"2025-08-04T10:44:32","modified_gmt":"2025-08-04T08:44:32","slug":"vystava-3-srpna","status":"publish","type":"post","link":"https:\/\/www.praha7.cz\/vystava-3-srpna\/","title":{"rendered":"V\u00fdstava Praha&nbsp;7 ve sb\u00edrk\u00e1ch NGP prodlou\u017eena do 3.&nbsp;srpna"},"content":{"rendered":"<p>[perex]<\/p>\r\n<p>Jak\u00fd je pohled na Prahu z&nbsp;Letn\u00e9 o\u010dima Anton\u00edna Slav\u00ed\u010dka? Rozm\u011brn\u00e9 pl\u00e1tno (185,5 x 390 cm), kter\u00e9 pat\u0159\u00ed ke kl\u00ed\u010dov\u00fdm d\u00edl\u016fm \u010desk\u00e9ho modern\u00edho um\u011bn\u00ed, si m\u016f\u017eete prohl\u00e9dnout ve v\u00fdstav\u011b <a href=\"https:\/\/www.ngprague.cz\/udalost\/4148\/140-vyroci-prahy-7\" target=\"_blank\" rel=\"noopener\">Praha&nbsp;7 ve sb\u00edrk\u00e1ch NGP<\/a>. V\u00fdstava ve 4.&nbsp;pat\u0159e Veletr\u017en\u00edho pal\u00e1ce N\u00e1rodn\u00ed galerie Praha byla prodlou\u017eena do 3.&nbsp;srpna 2025.<\/p>\r\n<p>[\/perex]<\/p>\r\n<p>Srdcem v\u00fdstavy <a href=\"https:\/\/www.ngprague.cz\/udalost\/4148\/140-vyroci-prahy-7\" target=\"_blank\" rel=\"noopener\">Praha&nbsp;7 ve sb\u00edrk\u00e1ch NGP<\/a> je soubor d\u011bl Anton\u00edna Slav\u00ed\u010dka (1870\u20131910), kter\u00fd bydlel v&nbsp;Dobrovsk\u00e9ho ulici a&nbsp;podobu Letn\u00e9 a&nbsp;Hole\u0161ovic na po\u010d\u00e1tku 20.&nbsp;stolet\u00ed zachytil na \u0159ad\u011b studi\u00ed, obraz\u016f i&nbsp;na monument\u00e1ln\u00edm pohledu na Prahu z&nbsp;Letn\u00e9. Vystavena jsou i&nbsp;ikonick\u00e1 d\u00edla um\u011bn\u00ed 19.&nbsp;stolet\u00ed, nap\u0159\u00edklad \u010ctvrtek ve Stromovce od Viktora Barvitia, ale tak\u00e9 m\u00e9n\u011b zn\u00e1m\u00e1 d\u00edla Anton\u00edna Karla Balzera, Jana Mina\u0159\u00edka, Milo\u0161e Jir\u00e1nka, Karla Boh\u00e1\u010dka, Miloslava Hol\u00e9ho, Arno Naumanna, Karla M\u00fcllera, Herm\u00edny Melicharov\u00e9, Linky Proch\u00e1zkov\u00e9-Scheithauerov\u00e9 a&nbsp;dal\u0161\u00edch autor\u016f, kter\u00e1 zachycuj\u00ed zmizelou tv\u00e1\u0159 Hole\u0161ovic-Buben.<\/p>\r\n<p><a href=\"https:\/\/www.ngprague.cz\/o-nas\/vstupne-a-objednavky-akci\" target=\"_blank\" rel=\"noopener\">Vstupn\u00e9<\/a>: v\u00a0r\u00e1mci vstupenky do sb\u00edrkov\u00fdch expozic<\/p>\r\n<p>&nbsp;<\/p>","protected":false},"excerpt":{"rendered":"[perex] Jak\u00fd je pohled na Prahu z&nbsp;Letn\u00e9 o\u010dima Anton\u00edna Slav\u00ed\u010dka? Rozm\u011brn\u00e9 pl\u00e1tno (185,5 x 390 cm), kter\u00e9 pat\u0159\u00ed ke kl\u00ed\u010dov\u00fdm d\u00edl\u016fm \u010desk\u00e9ho modern\u00edho um\u011bn\u00ed, si m\u016f\u017eete prohl\u00e9dnout ve v\u00fdstav\u011b Praha&nbsp;7 ve sb\u00edrk\u00e1ch NGP. V\u00fdstava ve 4.&nbsp;pat\u0159e Veletr\u017en\u00edho pal\u00e1ce N\u00e1rodn\u00ed galerie Praha byla prodlou\u017eena do 3.&nbsp;srpna 2025. [\/perex] Srdcem v\u00fdstavy Praha&nbsp;7 ve sb\u00edrk\u00e1ch NGP je soubor [&hellip;]","protected":false},"author":251,"featured_media":80465,"comment_status":"closed","ping_status":"open","sticky":false,"template":"","format":"standard","meta":[],"categories":[34],"tags":[106,91],"_links":{"self":[{"href":"https:\/\/www.praha7.cz\/api\/wp\/v2\/posts\/84360"}],"collection":[{"href":"https:\/\/www.praha7.cz\/api\/wp\/v2\/posts"}],"about":[{"href":"https:\/\/www.praha7.cz\/api\/wp\/v2\/types\/post"}],"author":[{"embeddable":true,"href":"https:\/\/www.praha7.cz\/api\/wp\/v2\/users\/251"}],"replies":[{"embeddable":true,"href":"https:\/\/www.praha7.cz\/api\/wp\/v2\/comments?post=84360"}],"version-history":[{"count":1,"href":"https:\/\/www.praha7.cz\/api\/wp\/v2\/posts\/84360\/revisions"}],"predecessor-version":[{"id":84364,"href":"https:\/\/www.praha7.cz\/api\/wp\/v2\/posts\/84360\/revisions\/84364"}],"wp:featuredmedia":[{"embeddable":true,"href":"https:\/\/www.praha7.cz\/api\/wp\/v2\/media\/80465"}],"wp:attachment":[{"href":"https:\/\/www.praha7.cz\/api\/wp\/v2\/media?parent=84360"}],"wp:term":[{"taxonomy":"category","embeddable":true,"href":"https:\/\/www.praha7.cz\/api\/wp\/v2\/categories?post=84360"},{"taxonomy":"post_tag","embeddable":true,"href":"https:\/\/www.praha7.cz\/api\/wp\/v2\/tags?post=84360"}],"curies":[{"name":"wp","href":"https:\/\/api.w.org\/{rel}","templated":true}]}}