    
{"id":84169,"date":"2025-05-15T11:50:00","date_gmt":"2025-05-15T09:50:00","guid":{"rendered":"https:\/\/www.praha7.cz\/?p=84169"},"modified":"2025-05-27T12:29:26","modified_gmt":"2025-05-27T10:29:26","slug":"vltavska-filharmonie-zaznam-z-prezentace-a-pozvanka-na-prochazku","status":"publish","type":"post","link":"https:\/\/www.praha7.cz\/vltavska-filharmonie-zaznam-z-prezentace-a-pozvanka-na-prochazku\/","title":{"rendered":"Vltavsk\u00e1 filharmonie: z\u00e1znam z&nbsp;prezentace a&nbsp;pozv\u00e1nka na proch\u00e1zku"},"content":{"rendered":"<p>[perex]<\/p>\r\n<p>Ve st\u0159edu 14.&nbsp;kv\u011btna 2025 prob\u011bhlo na radnici p\u0159edstaven\u00ed projektu Vltavsk\u00e9 filharmonie. Prezentovali Martin Krupauer (vedouc\u00ed projektov\u00e9ho t\u00fdmu) a&nbsp;Jan Magasanik ze studia BIG, kte\u0159\u00ed hovo\u0159ili o&nbsp;doprav\u011b, v\u00fdstavb\u011b i&nbsp;ve\u0159ejn\u00e9m prostoru, kter\u00fd se m\u00e1 st\u00e1t sou\u010d\u00e1st\u00ed ka\u017edodenn\u00edho \u017eivota ve \u010dtvrti. Z\u00e1znam m\u016f\u017eete zhl\u00e9dnout <a href=\"https:\/\/www.youtube.com\/live\/PMRTFwkdS8c\" target=\"_blank\" rel=\"noopener\">zde<\/a>.\u00a0<br \/>\r\nNabit\u00e9 znalosti si pak m\u016f\u017eete upevnit p\u0159i komentovan\u00e9 proch\u00e1zce p\u0159\u00edmo na m\u00edst\u011b. Rezervace a&nbsp;podrobnosti <a href=\"https:\/\/smartsprague.cz\/vltavska-filharmonie\/\" target=\"_blank\" rel=\"noopener\">zde<\/a>\u00a0a n\u00ed\u017ee v&nbsp;textu.<\/p>\r\n<p>[\/perex]<\/p>\r\n<p>Kde p\u0159esn\u011b bude Vltavsk\u00e1 filharmonie st\u00e1t, jak zapadne do m\u011bstsk\u00e9ho prostoru a&nbsp;co v\u0161e se v&nbsp;okol\u00ed zm\u011bn\u00ed? P\u0159ij\u010fte se pod\u00edvat p\u0159\u00edmo na m\u00edsto budouc\u00ed stavby Vltavsk\u00e9 filharmonie a&nbsp;proj\u00edt se s&nbsp;architektem Janem Magasanikem ze studia BIG, kter\u00fd v\u00e1s provede viz\u00ed budoucnosti. Proch\u00e1zka se kon\u00e1 v&nbsp;sobotu 17.&nbsp;kv\u011btna 2025 ve 14.00, sraz u&nbsp;hlavn\u00edho vstupu do metra Vltavsk\u00e1.<\/p>\r\n<p>vstup zdarma, <a href=\"https:\/\/smartsprague.cz\/vltavska-filharmonie\/\" target=\"_blank\" rel=\"noopener\">rezervace t\u0159eba<\/a><br \/>\r\nsluch\u00e1tka s&nbsp;ozvu\u010den\u00edm budou k&nbsp;zap\u016fj\u010den\u00ed na m\u00edst\u011b \u2013 p\u0159ij\u010fte pros\u00edm s&nbsp;p\u0159edstihem<br \/>\r\nd\u00e9lka proch\u00e1zky p\u0159ibli\u017en\u011b dv\u011b hodiny<\/p>\r\n<p><a href=\"https:\/\/www.facebook.com\/events\/2066728030460351\" target=\"_blank\" rel=\"noopener\">FB ud\u00e1lost<\/a><\/p>","protected":false},"excerpt":{"rendered":"[perex] Ve st\u0159edu 14.&nbsp;kv\u011btna 2025 prob\u011bhlo na radnici p\u0159edstaven\u00ed projektu Vltavsk\u00e9 filharmonie. Prezentovali Martin Krupauer (vedouc\u00ed projektov\u00e9ho t\u00fdmu) a&nbsp;Jan Magasanik ze studia BIG, kte\u0159\u00ed hovo\u0159ili o&nbsp;doprav\u011b, v\u00fdstavb\u011b i&nbsp;ve\u0159ejn\u00e9m prostoru, kter\u00fd se m\u00e1 st\u00e1t sou\u010d\u00e1st\u00ed ka\u017edodenn\u00edho \u017eivota ve \u010dtvrti. Z\u00e1znam m\u016f\u017eete zhl\u00e9dnout zde.\u00a0 Nabit\u00e9 znalosti si pak m\u016f\u017eete upevnit p\u0159i komentovan\u00e9 proch\u00e1zce p\u0159\u00edmo na m\u00edst\u011b. Rezervace [&hellip;]","protected":false},"author":251,"featured_media":84170,"comment_status":"closed","ping_status":"open","sticky":false,"template":"","format":"standard","meta":[],"categories":[34],"tags":[119,138,110],"_links":{"self":[{"href":"https:\/\/www.praha7.cz\/api\/wp\/v2\/posts\/84169"}],"collection":[{"href":"https:\/\/www.praha7.cz\/api\/wp\/v2\/posts"}],"about":[{"href":"https:\/\/www.praha7.cz\/api\/wp\/v2\/types\/post"}],"author":[{"embeddable":true,"href":"https:\/\/www.praha7.cz\/api\/wp\/v2\/users\/251"}],"replies":[{"embeddable":true,"href":"https:\/\/www.praha7.cz\/api\/wp\/v2\/comments?post=84169"}],"version-history":[{"count":1,"href":"https:\/\/www.praha7.cz\/api\/wp\/v2\/posts\/84169\/revisions"}],"predecessor-version":[{"id":84171,"href":"https:\/\/www.praha7.cz\/api\/wp\/v2\/posts\/84169\/revisions\/84171"}],"wp:featuredmedia":[{"embeddable":true,"href":"https:\/\/www.praha7.cz\/api\/wp\/v2\/media\/84170"}],"wp:attachment":[{"href":"https:\/\/www.praha7.cz\/api\/wp\/v2\/media?parent=84169"}],"wp:term":[{"taxonomy":"category","embeddable":true,"href":"https:\/\/www.praha7.cz\/api\/wp\/v2\/categories?post=84169"},{"taxonomy":"post_tag","embeddable":true,"href":"https:\/\/www.praha7.cz\/api\/wp\/v2\/tags?post=84169"}],"curies":[{"name":"wp","href":"https:\/\/api.w.org\/{rel}","templated":true}]}}