    
{"id":84108,"date":"2025-05-14T11:10:54","date_gmt":"2025-05-14T09:10:54","guid":{"rendered":"https:\/\/www.praha7.cz\/?p=84108"},"modified":"2025-11-04T20:27:02","modified_gmt":"2025-11-04T19:27:02","slug":"veci-se-meni-k-horsimu","status":"publish","type":"post","link":"https:\/\/www.praha7.cz\/veci-se-meni-k-horsimu\/","title":{"rendered":"V\u011bci se m\u011bn\u00ed k&nbsp;hor\u0161\u00edmu"},"content":{"rendered":"<p>Obchod Drogerie Barvy Laky se za dobu sv\u00e9 p\u016fsobnosti t\u0159ikr\u00e1t p\u0159est\u011bhoval, v\u017edy jen o&nbsp;p\u00e1r set metr\u016f v&nbsp;r\u00e1mci ulice Komunard\u016f. Miroslav Landa za\u010d\u00ednal podnikat v&nbsp;90.&nbsp;letech s&nbsp;kamar\u00e1dem z&nbsp;fotbalu, nakonec se osamostatnil a&nbsp;ve slu\u017eb\u011b (nejen) hole\u0161ovick\u00fdm z\u00e1kazn\u00edk\u016fm se na\u0161el. Lid\u00e9 k&nbsp;n\u011bmu nechod\u00ed jen tak nakupovat, p\u0159ijdou se poradit, obstarat jinde nedostupn\u00e9 v\u00fdb\u011brov\u00e9 zbo\u017e\u00ed, popov\u00eddat si nebo nas\u00e1t atmosf\u00e9ru osobit\u00e9ho a&nbsp;lidsk\u00e9ho maloobchodu pln\u00e9ho odshora a\u017e dol\u016f zbo\u017e\u00ed, kter\u00e9 m\u00e1 kvalitu a&nbsp;mo\u017en\u00e1 dokonce i&nbsp;du\u0161i. \u201eLid\u00e9 ke mn\u011b prost\u011b chod\u00ed r\u00e1di. Nen\u00ed to chv\u00e1st\u00e1n\u00ed, ale stane se v\u00e1m, \u017ee p\u0159ijde ciz\u00ed pan\u00ed, otev\u0159e pusu a&nbsp;\u0159\u00edk\u00e1: Je\u017e\u00ed\u0161, takov\u00fd kr\u00e1my miluju. A&nbsp;t\u011bch u\u017e je stra\u0161n\u011b m\u00e1lo.\u201c A&nbsp;bude jich je\u0161t\u011b m\u00e9n\u011b, proto\u017ee z\u00e1kazn\u00edky odu\u0161evn\u011bl\u00fdch drobnoobchod\u016f polykaj\u00ed megalomansk\u00e9 velkoobchodn\u00ed \u0159et\u011bzce. \u201eKdy\u017e jsme za\u010d\u00ednali, tak jsme se cel\u00fd den nezastavili. Dokonce jsme m\u011bli otev\u0159eno soboty dopoledne, to dnes rozhodn\u011b nehroz\u00ed. M\u011bli jsme od sedmi do \u0161esti, te\u010f m\u00e1m od osmi do p\u011bti, ale taky se stane, \u017ee v\u00e1m t\u0159eba dv\u011b hodiny nikdo nep\u0159ijde.\u201c<\/p>\r\n<p>Jakkoliv nevesele to m\u016f\u017ee vyzn\u00edt, pro obchody, jako je ten pana Landy, se v\u011bci zkr\u00e1tka m\u011bn\u00ed jen k&nbsp;hor\u0161\u00edmu. Nejen postcovidov\u00fd konzum internetov\u00fdch n\u00e1kup\u016f na jedno kliknut\u00ed, antiparkovac\u00ed sloupky nebo n\u00e1hradn\u00ed autobusov\u00e1 doprava, kter\u00e1 obchod s&nbsp;drogeri\u00ed a&nbsp;barvami obj\u00ed\u017ed\u00ed obloukem \u2013 to v\u0161echno je podle n\u011bj p\u0159ek\u00e1\u017ekou, aby obchod \u0161lapal tak, jak \u0161lapal kdysi. \u201eNechci si st\u011b\u017eovat, ale nem\u016f\u017eete porovn\u00e1vat, nesm\u00edte se ot\u00e1\u010det dozadu. D\u0159\u00edv se n\u00e1m o&nbsp;kr\u00e1m\u011b zd\u00e1lo, dneska jen \u010dek\u00e1me, \u010dek\u00e1me a&nbsp;prod\u00e1v\u00e1me,\u201c vysv\u011btluje s&nbsp;\u00fasm\u011bvem podbarven\u00fdm lehkou nostalgi\u00ed majitel v&nbsp;d\u016fchodu. Ve zrychlen\u00e9 a&nbsp;odosobn\u011bn\u00e9 dob\u011b bohu\u017eel nepom\u00e1h\u00e1 ani skute\u010dnost, \u017ee pan Landa zkr\u00e1tka nen\u00ed typ, kter\u00fd by holdoval marketingu nebo se cht\u011bl prezentovat na soci\u00e1ln\u00edch s\u00edt\u00edch.<\/p>\r\n<p>Ov\u0161em dokud se prod\u00e1v\u00e1, je\u0161t\u011b se \u201eneum\u0159elo\u201c. A&nbsp;st\u00e1le je z&nbsp;\u010deho vyb\u00edrat. A\u0165 u\u017e hled\u00e1te specifickou \u010deskou drogerii, kterou v&nbsp;DMku nebo Rossmannu nenajdete ani s&nbsp;lupou, \u010dervenou le\u0161t\u011bnku Diava na tmav\u00fd n\u00e1bytek, pastu na parkety nebo skute\u010dn\u011b \u00fa\u010dinn\u00e9ho pomocn\u00edka k&nbsp;\u010di\u0161t\u011bn\u00ed ucpan\u00e9ho odpadu, od Miroslava Landy ur\u010dit\u011b neodejdete s&nbsp;pr\u00e1zdnou. A&nbsp;co nem\u00e1, spolehliv\u011b a&nbsp;s&nbsp;kr\u00e1tkou dodac\u00ed dobou objedn\u00e1. \u201e\u0158ekl bych, \u017ee jsme takov\u00e1 zlat\u00e1 kapli\u010dka, jedna z&nbsp;posledn\u00edch,\u201c dopl\u0148uje s&nbsp;nads\u00e1zkou. A&nbsp;nen\u00ed nouze ani o&nbsp;netradi\u010dn\u00ed p\u0159\u00edb\u011bhy. \u201eJedna sle\u010dna sh\u00e1n\u011bla \u010dernou barvu, se kterou si cht\u011bla vymalovat lo\u017enici. Za t\u0159i m\u011bs\u00edce p\u0159i\u0161la, \u017ee to chce p\u0159emalovat. Taky k&nbsp;n\u00e1m chod\u00ed pan\u00ed s&nbsp;fialov\u00fdm p\u0159elivem a&nbsp;ta chce v\u0161echno fialov\u00fd \u2013 zubn\u00ed kart\u00e1\u010dek, \u0161\u0148\u016fru na pr\u00e1dlo\u2026\u201c sm\u011bje se pan Landa. Co z\u00e1kazn\u00edk, to origin\u00e1l, ale ka\u017ed\u00fd, kdo vezme za kliku, nakonec odch\u00e1z\u00ed s&nbsp;\u00fasm\u011bvem. V&nbsp;r\u00e1mci jarn\u00edho \u00faklidu se n\u00e1v\u0161t\u011bva u&nbsp;pana Landy vylo\u017een\u011b nab\u00edz\u00ed. Tak to zkuste a&nbsp;ur\u010dit\u011b nebudete litovat\u2026<\/p>","protected":false},"excerpt":{"rendered":"Obchod Drogerie Barvy Laky se za dobu sv\u00e9 p\u016fsobnosti t\u0159ikr\u00e1t p\u0159est\u011bhoval, v\u017edy jen o&nbsp;p\u00e1r set metr\u016f v&nbsp;r\u00e1mci ulice Komunard\u016f. Miroslav Landa za\u010d\u00ednal podnikat v&nbsp;90.&nbsp;letech s&nbsp;kamar\u00e1dem z&nbsp;fotbalu, nakonec se osamostatnil a&nbsp;ve slu\u017eb\u011b (nejen) hole\u0161ovick\u00fdm z\u00e1kazn\u00edk\u016fm se na\u0161el. Lid\u00e9 k&nbsp;n\u011bmu nechod\u00ed jen tak nakupovat, p\u0159ijdou se poradit, obstarat jinde nedostupn\u00e9 v\u00fdb\u011brov\u00e9 zbo\u017e\u00ed, popov\u00eddat si nebo nas\u00e1t atmosf\u00e9ru [&hellip;]","protected":false},"author":292,"featured_media":84109,"comment_status":"closed","ping_status":"open","sticky":false,"template":"","format":"standard","meta":[],"categories":[37],"tags":[],"_links":{"self":[{"href":"https:\/\/www.praha7.cz\/api\/wp\/v2\/posts\/84108"}],"collection":[{"href":"https:\/\/www.praha7.cz\/api\/wp\/v2\/posts"}],"about":[{"href":"https:\/\/www.praha7.cz\/api\/wp\/v2\/types\/post"}],"author":[{"embeddable":true,"href":"https:\/\/www.praha7.cz\/api\/wp\/v2\/users\/292"}],"replies":[{"embeddable":true,"href":"https:\/\/www.praha7.cz\/api\/wp\/v2\/comments?post=84108"}],"version-history":[{"count":1,"href":"https:\/\/www.praha7.cz\/api\/wp\/v2\/posts\/84108\/revisions"}],"predecessor-version":[{"id":84110,"href":"https:\/\/www.praha7.cz\/api\/wp\/v2\/posts\/84108\/revisions\/84110"}],"wp:featuredmedia":[{"embeddable":true,"href":"https:\/\/www.praha7.cz\/api\/wp\/v2\/media\/84109"}],"wp:attachment":[{"href":"https:\/\/www.praha7.cz\/api\/wp\/v2\/media?parent=84108"}],"wp:term":[{"taxonomy":"category","embeddable":true,"href":"https:\/\/www.praha7.cz\/api\/wp\/v2\/categories?post=84108"},{"taxonomy":"post_tag","embeddable":true,"href":"https:\/\/www.praha7.cz\/api\/wp\/v2\/tags?post=84108"}],"curies":[{"name":"wp","href":"https:\/\/api.w.org\/{rel}","templated":true}]}}