    
{"id":84071,"date":"2025-05-13T11:05:27","date_gmt":"2025-05-13T09:05:27","guid":{"rendered":"https:\/\/www.praha7.cz\/?p=84071"},"modified":"2025-05-22T12:01:05","modified_gmt":"2025-05-22T10:01:05","slug":"jarni-koncert-prahy-7-5","status":"publish","type":"post","link":"https:\/\/www.praha7.cz\/jarni-koncert-prahy-7-5\/","title":{"rendered":"Jarn\u00ed koncert Prahy\u00a07"},"content":{"rendered":"<p>[perex]<\/p>\r\n<p>P\u0159ijm\u011bte na\u0161e srde\u010dn\u00e9 pozv\u00e1n\u00ed na tradi\u010dn\u00ed Jarn\u00ed koncert Prahy&nbsp;7, kter\u00fd se uskute\u010dn\u00ed ve st\u0159edu 21.&nbsp;kv\u011btna 2025 od 19.30 v&nbsp;kostele sv. Anton\u00edna na Strossmayerov\u011b n\u00e1m. Vstup zdarma.<\/p>\r\n<p>Zazn\u00ed v\u00fdb\u011br z&nbsp;oratoria Mesi\u00e1\u0161 Georga Friedricha H\u00e4ndela pro s\u00f3la, sbor a&nbsp;orchestr v&nbsp;proveden\u00ed t\u011bles Collegium paedagogicum PedF UK, Piccolo coro &amp; Piccola orchestra. Dirigent Marek Val\u00e1\u0161ek, s\u00f3list\u00e9 Anna \u010cern\u00e1, Ond\u0159ej Holub a&nbsp;Martin Vacula.<\/p>\r\n<p>[\/perex]<\/p>\r\n<p>&nbsp;<\/p>","protected":false},"excerpt":{"rendered":"[perex] P\u0159ijm\u011bte na\u0161e srde\u010dn\u00e9 pozv\u00e1n\u00ed na tradi\u010dn\u00ed Jarn\u00ed koncert Prahy&nbsp;7, kter\u00fd se uskute\u010dn\u00ed ve st\u0159edu 21.&nbsp;kv\u011btna 2025 od 19.30 v&nbsp;kostele sv. Anton\u00edna na Strossmayerov\u011b n\u00e1m. Vstup zdarma. Zazn\u00ed v\u00fdb\u011br z&nbsp;oratoria Mesi\u00e1\u0161 Georga Friedricha H\u00e4ndela pro s\u00f3la, sbor a&nbsp;orchestr v&nbsp;proveden\u00ed t\u011bles Collegium paedagogicum PedF UK, Piccolo coro &amp; Piccola orchestra. Dirigent Marek Val\u00e1\u0161ek, s\u00f3list\u00e9 Anna \u010cern\u00e1, [&hellip;]","protected":false},"author":251,"featured_media":65401,"comment_status":"closed","ping_status":"open","sticky":false,"template":"","format":"standard","meta":[],"categories":[34],"tags":[106,110],"_links":{"self":[{"href":"https:\/\/www.praha7.cz\/api\/wp\/v2\/posts\/84071"}],"collection":[{"href":"https:\/\/www.praha7.cz\/api\/wp\/v2\/posts"}],"about":[{"href":"https:\/\/www.praha7.cz\/api\/wp\/v2\/types\/post"}],"author":[{"embeddable":true,"href":"https:\/\/www.praha7.cz\/api\/wp\/v2\/users\/251"}],"replies":[{"embeddable":true,"href":"https:\/\/www.praha7.cz\/api\/wp\/v2\/comments?post=84071"}],"version-history":[{"count":1,"href":"https:\/\/www.praha7.cz\/api\/wp\/v2\/posts\/84071\/revisions"}],"predecessor-version":[{"id":84074,"href":"https:\/\/www.praha7.cz\/api\/wp\/v2\/posts\/84071\/revisions\/84074"}],"wp:featuredmedia":[{"embeddable":true,"href":"https:\/\/www.praha7.cz\/api\/wp\/v2\/media\/65401"}],"wp:attachment":[{"href":"https:\/\/www.praha7.cz\/api\/wp\/v2\/media?parent=84071"}],"wp:term":[{"taxonomy":"category","embeddable":true,"href":"https:\/\/www.praha7.cz\/api\/wp\/v2\/categories?post=84071"},{"taxonomy":"post_tag","embeddable":true,"href":"https:\/\/www.praha7.cz\/api\/wp\/v2\/tags?post=84071"}],"curies":[{"name":"wp","href":"https:\/\/api.w.org\/{rel}","templated":true}]}}