    
{"id":84024,"date":"2025-05-09T13:59:29","date_gmt":"2025-05-09T11:59:29","guid":{"rendered":"https:\/\/www.praha7.cz\/?p=84024"},"modified":"2025-05-09T13:59:29","modified_gmt":"2025-05-09T11:59:29","slug":"predstaveni-konceptu-navrhu-uzemni-studie-vru-pelc-tyrolka","status":"publish","type":"post","link":"https:\/\/www.praha7.cz\/predstaveni-konceptu-navrhu-uzemni-studie-vru-pelc-tyrolka\/","title":{"rendered":"P\u0159edstaven\u00ed konceptu n\u00e1vrhu \u00fazemn\u00ed studie VR\u00da Pelc\u2013Tyrolka"},"content":{"rendered":"<p>[perex]<\/p>\r\n<p>Po roce intenzivn\u00edch p\u0159\u00edprav a&nbsp;diskus\u00ed v\u00e1s Magistr\u00e1t hl. m. Prahy zve na pracovn\u00ed p\u0159edstaven\u00ed konceptu n\u00e1vrhu \u00fazemn\u00ed studie VR\u00da Pelc\u2013Tyrolka. Setk\u00e1n\u00ed prob\u011bhne v&nbsp;st\u0159edu 14.&nbsp;kv\u011btna od 17.30 v&nbsp;aule Fakulty humanitn\u00edch studi\u00ed na adrese P\u00e1tkova 8, Praha 8. Ud\u00e1lost potrv\u00e1 p\u0159ibli\u017en\u011b \u010dty\u0159i hodiny, vstup je zdarma.<\/p>\r\n<p>[\/perex]<\/p>\r\n<p>Architekti z&nbsp;ateli\u00e9ru UNIT p\u0159edstav\u00ed aktu\u00e1ln\u00ed n\u00e1vrh \u0159e\u0161en\u00ed cel\u00e9 oblasti v\u010detn\u011b pl\u00e1novan\u00e9ho kampusu Univerzity Karlovy. Bude prostor nejen pro prezentaci, ale i&nbsp;pro aktivn\u00ed zapojen\u00ed \u2013 po \u00favodu se p\u0159esunete ke stol\u016fm, kde budete spole\u010dn\u011b diskutovat a&nbsp;sb\u00edrat podn\u011bty k&nbsp;dal\u0161\u00edmu sm\u011b\u0159ov\u00e1n\u00ed projektu. P\u0159ij\u010fte ovlivnit, jak bude vypadat v\u00fdznamn\u00e1 \u010d\u00e1st Prahy i&nbsp;jej\u00ed akademick\u00e9 budoucnosti!<\/p>\r\n<p><a href=\"https:\/\/www.facebook.com\/events\/1210224157229837\" target=\"_blank\" rel=\"noopener\">FB ud\u00e1lost<\/a><\/p>\r\n<p>&nbsp;<\/p>","protected":false},"excerpt":{"rendered":"[perex] Po roce intenzivn\u00edch p\u0159\u00edprav a&nbsp;diskus\u00ed v\u00e1s Magistr\u00e1t hl. m. Prahy zve na pracovn\u00ed p\u0159edstaven\u00ed konceptu n\u00e1vrhu \u00fazemn\u00ed studie VR\u00da Pelc\u2013Tyrolka. Setk\u00e1n\u00ed prob\u011bhne v&nbsp;st\u0159edu 14.&nbsp;kv\u011btna od 17.30 v&nbsp;aule Fakulty humanitn\u00edch studi\u00ed na adrese P\u00e1tkova 8, Praha 8. Ud\u00e1lost potrv\u00e1 p\u0159ibli\u017en\u011b \u010dty\u0159i hodiny, vstup je zdarma. [\/perex] Architekti z&nbsp;ateli\u00e9ru UNIT p\u0159edstav\u00ed aktu\u00e1ln\u00ed n\u00e1vrh \u0159e\u0161en\u00ed cel\u00e9 oblasti [&hellip;]","protected":false},"author":251,"featured_media":79495,"comment_status":"closed","ping_status":"open","sticky":false,"template":"","format":"standard","meta":[],"categories":[34],"tags":[119],"_links":{"self":[{"href":"https:\/\/www.praha7.cz\/api\/wp\/v2\/posts\/84024"}],"collection":[{"href":"https:\/\/www.praha7.cz\/api\/wp\/v2\/posts"}],"about":[{"href":"https:\/\/www.praha7.cz\/api\/wp\/v2\/types\/post"}],"author":[{"embeddable":true,"href":"https:\/\/www.praha7.cz\/api\/wp\/v2\/users\/251"}],"replies":[{"embeddable":true,"href":"https:\/\/www.praha7.cz\/api\/wp\/v2\/comments?post=84024"}],"version-history":[{"count":1,"href":"https:\/\/www.praha7.cz\/api\/wp\/v2\/posts\/84024\/revisions"}],"predecessor-version":[{"id":84029,"href":"https:\/\/www.praha7.cz\/api\/wp\/v2\/posts\/84024\/revisions\/84029"}],"wp:featuredmedia":[{"embeddable":true,"href":"https:\/\/www.praha7.cz\/api\/wp\/v2\/media\/79495"}],"wp:attachment":[{"href":"https:\/\/www.praha7.cz\/api\/wp\/v2\/media?parent=84024"}],"wp:term":[{"taxonomy":"category","embeddable":true,"href":"https:\/\/www.praha7.cz\/api\/wp\/v2\/categories?post=84024"},{"taxonomy":"post_tag","embeddable":true,"href":"https:\/\/www.praha7.cz\/api\/wp\/v2\/tags?post=84024"}],"curies":[{"name":"wp","href":"https:\/\/api.w.org\/{rel}","templated":true}]}}