    
{"id":83917,"date":"2025-05-05T13:16:36","date_gmt":"2025-05-05T11:16:36","guid":{"rendered":"https:\/\/www.praha7.cz\/?p=83917"},"modified":"2025-05-05T15:21:56","modified_gmt":"2025-05-05T13:21:56","slug":"praha-7-si-pripomnela-80-vyroci-prazskeho-povstani-a-konce-2-sv-valky","status":"publish","type":"post","link":"https:\/\/www.praha7.cz\/praha-7-si-pripomnela-80-vyroci-prazskeho-povstani-a-konce-2-sv-valky\/","title":{"rendered":"Praha&nbsp;7 si p\u0159ipomn\u011bla 80.&nbsp;v\u00fdro\u010d\u00ed Pra\u017esk\u00e9ho povst\u00e1n\u00ed a&nbsp;konce druh\u00e9 sv\u011btov\u00e9 v\u00e1lky"},"content":{"rendered":"<p>[perex]<\/p>\r\n<p>V\u00a0pond\u011bl\u00ed 5.&nbsp;kv\u011btna 2025 se v&nbsp;Praze 7 uskute\u010dnil pietn\u00ed akt u&nbsp;p\u0159\u00edle\u017eitosti 80.&nbsp;v\u00fdro\u010d\u00ed Kv\u011btnov\u00e9ho povst\u00e1n\u00ed \u010desk\u00e9ho lidu a&nbsp;nadch\u00e1zej\u00edc\u00edho st\u00e1tn\u00edho sv\u00e1tku Dne v\u00edt\u011bzstv\u00ed. Vzpom\u00ednkov\u00e9ho setk\u00e1n\u00ed se z\u00fa\u010dastnili p\u0159edstavitel\u00e9 M\u010c Praha&nbsp;7, v&nbsp;\u010dele se starostou Janem \u010ci\u017einsk\u00fdm, z\u00e1stupci Sdru\u017een\u00ed v\u00e1le\u010dn\u00fdch veter\u00e1n\u016f \u010cR, Krajsk\u00e9ho vojensk\u00e9ho velitelstv\u00ed Arm\u00e1dy \u010cR, Svazu d\u016fstojn\u00edk\u016f a&nbsp;prapor\u010d\u00edk\u016f Arm\u00e1dy \u010cR a&nbsp;dal\u0161\u00edch organizac\u00ed. \u00da\u010dastn\u00edci pietn\u00edho aktu polo\u017eili v\u011bnce a&nbsp;kv\u011btiny u&nbsp;pam\u00e1tn\u00edku v&nbsp;\u00fapat\u00ed mostu Barik\u00e1dn\u00edk\u016f, kter\u00fd je v\u011bnov\u00e1n ob\u011btem povst\u00e1n\u00ed v&nbsp;kv\u011btnu 1945.<\/p>\r\n<p>[\/perex]<\/p>\r\n<p>Srde\u010dn\u011b v\u00e1s zveme na n\u011bkolik kulturn\u00edch ud\u00e1lost\u00ed, p\u0159i nich\u017e si p\u0159ipomeneme ud\u00e1losti kv\u011btna 1945 \u2013 80 let od konce druh\u00e9 sv\u011btov\u00e9 v\u00e1lky. V\u00edce informac\u00ed: <a href=\"https:\/\/www.praha7.cz\/80let\/\">www.praha7.cz\/80let<\/a><\/p>\r\n<p><img loading=\"lazy\" src=\"https:\/\/www.praha7.cz\/wp-content\/uploads\/2025\/05\/pietni-akt-most-Barikadniku-7-1372x1000.jpg\" alt=\"\" width=\"640\" height=\"466\" class=\"alignnone size-large wp-image-83922\" srcset=\"https:\/\/www.praha7.cz\/wp-content\/uploads\/2025\/05\/pietni-akt-most-Barikadniku-7-1372x1000.jpg 1372w, https:\/\/www.praha7.cz\/wp-content\/uploads\/2025\/05\/pietni-akt-most-Barikadniku-7-549x400.jpg 549w, https:\/\/www.praha7.cz\/wp-content\/uploads\/2025\/05\/pietni-akt-most-Barikadniku-7-768x560.jpg 768w, https:\/\/www.praha7.cz\/wp-content\/uploads\/2025\/05\/pietni-akt-most-Barikadniku-7-1536x1120.jpg 1536w, https:\/\/www.praha7.cz\/wp-content\/uploads\/2025\/05\/pietni-akt-most-Barikadniku-7-2048x1493.jpg 2048w\" sizes=\"(max-width: 640px) 100vw, 640px\" \/>\u00a0<\/p>\r\n<p><img loading=\"lazy\" src=\"https:\/\/www.praha7.cz\/wp-content\/uploads\/2025\/05\/pietni-akt-most-Barikadniku-5-1483x1000.jpg\" alt=\"\" width=\"640\" height=\"432\" class=\"alignnone size-large wp-image-83920\" srcset=\"https:\/\/www.praha7.cz\/wp-content\/uploads\/2025\/05\/pietni-akt-most-Barikadniku-5-1483x1000.jpg 1483w, https:\/\/www.praha7.cz\/wp-content\/uploads\/2025\/05\/pietni-akt-most-Barikadniku-5-593x400.jpg 593w, https:\/\/www.praha7.cz\/wp-content\/uploads\/2025\/05\/pietni-akt-most-Barikadniku-5-768x518.jpg 768w, https:\/\/www.praha7.cz\/wp-content\/uploads\/2025\/05\/pietni-akt-most-Barikadniku-5-1536x1036.jpg 1536w, https:\/\/www.praha7.cz\/wp-content\/uploads\/2025\/05\/pietni-akt-most-Barikadniku-5-2048x1381.jpg 2048w\" sizes=\"(max-width: 640px) 100vw, 640px\" \/><\/p>","protected":false},"excerpt":{"rendered":"[perex] V\u00a0pond\u011bl\u00ed 5.&nbsp;kv\u011btna 2025 se v&nbsp;Praze 7 uskute\u010dnil pietn\u00ed akt u&nbsp;p\u0159\u00edle\u017eitosti 80.&nbsp;v\u00fdro\u010d\u00ed Kv\u011btnov\u00e9ho povst\u00e1n\u00ed \u010desk\u00e9ho lidu a&nbsp;nadch\u00e1zej\u00edc\u00edho st\u00e1tn\u00edho sv\u00e1tku Dne v\u00edt\u011bzstv\u00ed. Vzpom\u00ednkov\u00e9ho setk\u00e1n\u00ed se z\u00fa\u010dastnili p\u0159edstavitel\u00e9 M\u010c Praha&nbsp;7, v&nbsp;\u010dele se starostou Janem \u010ci\u017einsk\u00fdm, z\u00e1stupci Sdru\u017een\u00ed v\u00e1le\u010dn\u00fdch veter\u00e1n\u016f \u010cR, Krajsk\u00e9ho vojensk\u00e9ho velitelstv\u00ed Arm\u00e1dy \u010cR, Svazu d\u016fstojn\u00edk\u016f a&nbsp;prapor\u010d\u00edk\u016f Arm\u00e1dy \u010cR a&nbsp;dal\u0161\u00edch organizac\u00ed. \u00da\u010dastn\u00edci pietn\u00edho aktu polo\u017eili v\u011bnce [&hellip;]","protected":false},"author":5,"featured_media":83918,"comment_status":"closed","ping_status":"open","sticky":false,"template":"","format":"standard","meta":[],"categories":[34],"tags":[135],"_links":{"self":[{"href":"https:\/\/www.praha7.cz\/api\/wp\/v2\/posts\/83917"}],"collection":[{"href":"https:\/\/www.praha7.cz\/api\/wp\/v2\/posts"}],"about":[{"href":"https:\/\/www.praha7.cz\/api\/wp\/v2\/types\/post"}],"author":[{"embeddable":true,"href":"https:\/\/www.praha7.cz\/api\/wp\/v2\/users\/5"}],"replies":[{"embeddable":true,"href":"https:\/\/www.praha7.cz\/api\/wp\/v2\/comments?post=83917"}],"version-history":[{"count":3,"href":"https:\/\/www.praha7.cz\/api\/wp\/v2\/posts\/83917\/revisions"}],"predecessor-version":[{"id":83930,"href":"https:\/\/www.praha7.cz\/api\/wp\/v2\/posts\/83917\/revisions\/83930"}],"wp:featuredmedia":[{"embeddable":true,"href":"https:\/\/www.praha7.cz\/api\/wp\/v2\/media\/83918"}],"wp:attachment":[{"href":"https:\/\/www.praha7.cz\/api\/wp\/v2\/media?parent=83917"}],"wp:term":[{"taxonomy":"category","embeddable":true,"href":"https:\/\/www.praha7.cz\/api\/wp\/v2\/categories?post=83917"},{"taxonomy":"post_tag","embeddable":true,"href":"https:\/\/www.praha7.cz\/api\/wp\/v2\/tags?post=83917"}],"curies":[{"name":"wp","href":"https:\/\/api.w.org\/{rel}","templated":true}]}}