    
{"id":83836,"date":"2025-04-29T15:51:42","date_gmt":"2025-04-29T13:51:42","guid":{"rendered":"https:\/\/www.praha7.cz\/?p=83836"},"modified":"2025-06-04T15:47:52","modified_gmt":"2025-06-04T13:47:52","slug":"jarni-dopravni-opatreni","status":"publish","type":"post","link":"https:\/\/www.praha7.cz\/jarni-dopravni-opatreni\/","title":{"rendered":"Jarn\u00ed dopravn\u00ed opat\u0159en\u00ed"},"content":{"rendered":"<p>[perex]<\/p>\r\n<p>Za\u010dala stavebn\u00ed sezona a&nbsp;TSK hl. m. Prahy ozn\u00e1mila realizace p\u0159ipraven\u00fdch (n\u011bkdy i&nbsp;n\u011bkolik let) \u00faprav, jejich\u017e c\u00edlem je zv\u00fd\u0161en\u00ed bezpe\u010dnosti chodc\u016f, zlep\u0161en\u00ed mo\u017enosti z\u00e1sobov\u00e1n\u00ed a&nbsp;dopln\u011bn\u00ed cykloobousm\u011brek. P\u0159in\u00e1\u0161\u00edme stru\u010dn\u00fd p\u0159ehled akc\u00ed, kter\u00e9 by m\u011bla TSK realizovat v&nbsp;pr\u016fb\u011bhu kv\u011btna.<\/p>\r\n<p>[\/perex]<\/p>\r\n<p>Z\u00e1rove\u0148 upozor\u0148ujeme, \u017ee krom\u011b n\u00ed\u017ee uveden\u00fdch akc\u00ed TSK vyu\u017eije voln\u011bj\u0161\u00edch ulic v&nbsp;obdob\u00ed blokov\u00e9ho \u010di\u0161t\u011bn\u00ed komunikac\u00ed k&nbsp;zaji\u0161t\u011bn\u00ed dal\u0161\u00edch d\u00edl\u010d\u00edch oprav vozovek a&nbsp;chodn\u00edk\u016f, \u00faprav\u00e1m dopravn\u00edho zna\u010den\u00ed a&nbsp;jin\u00fdch drobn\u011bj\u0161\u00edch prac\u00ed v&nbsp;ulic\u00edch. Pros\u00edme v&nbsp;term\u00ednu blokov\u00e9ho \u010di\u0161t\u011bn\u00ed ve va\u0161\u00ed ulici o&nbsp;v\u010dasn\u00e9 p\u0159eparkov\u00e1n\u00ed voz\u016f. V\u00edce najdete <a href=\"https:\/\/www.praha7.cz\/blokove-cisteni-jaro25\/\">ZDE<\/a>.\u00a0<\/p>\r\n<p><strong>Z\u00e1sobovac\u00ed m\u00edsta<\/strong><\/p>\r\n<p>V r\u00e1mci uveden\u00fdch opat\u0159en\u00ed se v&nbsp;Praze 7 roz\u0161i\u0159uje s\u00ed\u0165 z\u00e1sobovac\u00edch m\u00edst v&nbsp;ulic\u00edch. C\u00edlem t\u011bchto rychloobr\u00e1tkov\u00fdch st\u00e1n\u00ed je zajistit mo\u017enost kr\u00e1tkodob\u00e9ho parkov\u00e1n\u00ed jak pro lok\u00e1ln\u00ed podniky k&nbsp;z\u00e1sobov\u00e1n\u00ed, doru\u010dovatelsk\u00e9 slu\u017eby, tak pro m\u00edstn\u00ed obyvatele, kte\u0159\u00ed pot\u0159ebuj\u00ed v&nbsp;bl\u00edzkosti domu n\u011bco vylo\u017eit \u010di nalo\u017eit. \u0158idi\u010di d\u00edky z\u00e1sobovac\u00edm m\u00edst\u016fm z\u00edsk\u00e1vaj\u00ed mo\u017enost 24 hodin denn\u011b na 15 minut zastavit v&nbsp;bl\u00edzkosti sv\u00e9ho domu, vy\u0159\u00eddit, co pot\u0159ebuj\u00ed, a&nbsp;pak s&nbsp;autem odjet t\u0159eba do gar\u00e1\u017ee \u010di na jak\u00e9koli m\u00edsto, kde zaparkuj\u00ed. Z\u00e1sobovac\u00ed m\u00edsta v&nbsp;tomto re\u017eimu pom\u00e1haj\u00ed zajistit d\u016fle\u017eitou dopravn\u00ed obsluhu ve vyt\u00ed\u017een\u00fdch ulic\u00edch, kde je nap\u0159\u00edklad ve ve\u010dern\u00edch hodin\u00e1ch velmi obt\u00ed\u017en\u00e9 zaparkovat.<\/p>\r\n<h3><\/h3>\r\n<p>&nbsp;<\/p>\r\n<h3>P\u0159ehled pl\u00e1novan\u00fdch \u00faprav<\/h3>\r\n<p>&nbsp;<\/p>\r\n<p><strong>Z\u00e1st\u00e1vka Kamenick\u00e1 a&nbsp;p\u0159echod p\u0159es ul. Ha\u0161kova<\/strong> \u2013 osazen\u00ed zast\u00e1vky antiparkovac\u00edmi sloupky a&nbsp;ochrana p\u0159echodu. Jedn\u00e1 se o&nbsp;m\u00edsto neust\u00e1l\u00e9ho naj\u00ed\u017ed\u011bn\u00ed dod\u00e1vek na chodn\u00edk, pokutov\u00e1n\u00ed zde nezab\u00edr\u00e1, do\u0161lo i&nbsp;ke zran\u011bn\u00ed chodce. Opat\u0159en\u00ed bylo zad\u00e1no TSK v\u00a0roce 2021.<\/p>\r\n<p><a href=\"https:\/\/www.praha7.cz\/wp-content\/uploads\/2025\/04\/zastavka-kamenicka-4.jpg\"><img loading=\"lazy\" src=\"https:\/\/www.praha7.cz\/wp-content\/uploads\/2025\/04\/zastavka-kamenicka-4-200x200.jpg\" alt=\"\" width=\"200\" height=\"200\" class=\"alignnone size-thumbnail wp-image-83837\" \/> <\/a><a href=\"https:\/\/www.praha7.cz\/wp-content\/uploads\/2025\/04\/zastavka-kamenicka-5.jpg\"><img loading=\"lazy\" src=\"https:\/\/www.praha7.cz\/wp-content\/uploads\/2025\/04\/zastavka-kamenicka-5-200x200.jpg\" alt=\"\" width=\"200\" height=\"200\" class=\"alignnone size-thumbnail wp-image-83838\" \/> <\/a><a href=\"https:\/\/www.praha7.cz\/wp-content\/uploads\/2025\/04\/zastavka-kamenicka-3.jpg\"><img loading=\"lazy\" src=\"https:\/\/www.praha7.cz\/wp-content\/uploads\/2025\/04\/zastavka-kamenicka-3-200x200.jpg\" alt=\"\" width=\"200\" height=\"200\" class=\"alignnone size-thumbnail wp-image-83839\" srcset=\"https:\/\/www.praha7.cz\/wp-content\/uploads\/2025\/04\/zastavka-kamenicka-3-200x200.jpg 200w, https:\/\/www.praha7.cz\/wp-content\/uploads\/2025\/04\/zastavka-kamenicka-3-400x400.jpg 400w, https:\/\/www.praha7.cz\/wp-content\/uploads\/2025\/04\/zastavka-kamenicka-3-768x768.jpg 768w, https:\/\/www.praha7.cz\/wp-content\/uploads\/2025\/04\/zastavka-kamenicka-3.jpg 945w\" sizes=\"(max-width: 200px) 100vw, 200px\" \/><\/a><\/p>\r\n<p>&nbsp;<\/p>\r\n<p><a href=\"https:\/\/www.praha7.cz\/wp-content\/uploads\/2025\/04\/zastavka-kamenicka-4.jpg\"><\/a><\/p>\r\n<p><strong>P\u011b\u0161\u00ed z\u00f3na Anton\u00ednsk\u00e1<\/strong> \u2013 nov\u011b se bude do p\u011b\u0161\u00ed z\u00f3ny vj\u00ed\u017ed\u011bt ve sm\u011bru z\u00a0ulice Farsk\u00e9ho, \u010d\u00edm\u017e se odstran\u00ed neust\u00e1l\u00e9 zkracov\u00e1n\u00ed pr\u016fjezdu touto p\u011b\u0161\u00ed z\u00f3nou z\u00a0ul. Bubensk\u00e1 do Janovsk\u00e9ho. Dopravn\u00ed obslu\u017enost bude pln\u011b zachov\u00e1na. Nav\u00edc dojde ke zv\u00fdrazn\u011bn\u00ed re\u017eimu p\u011b\u0161\u00ed z\u00f3ny pomoc\u00ed vodorovn\u00e9ho dopravn\u00edho zna\u010den\u00ed.<\/p>\r\n<p>&nbsp;<\/p>\r\n<p><strong>Komunard\u016f \u00d7 U&nbsp;Pr\u016fhonu<\/strong> \u2013 dopln\u011bn\u00ed chyb\u011bj\u00edc\u00edho p\u0159echodu na severn\u00ed rameno k\u0159i\u017eovatky (od DM\/Alberta k\u00a0n\u00e1ro\u017e\u00ed deta\u0161ovan\u00e9ho pracovi\u0161t\u011b \u00fa\u0159adu M\u010c Praha&nbsp;7)<\/p>\r\n<p>&nbsp;<\/p>\r\n<p><strong>Fr. K\u0159\u00ed\u017eka \u00d7 Vina\u0159sk\u00e1<\/strong> \u2013 p\u0159esunem p\u0159echodu na n\u00e1ro\u017e\u00ed dojde k\u00a0prodlou\u017een\u00ed modr\u00e9 z\u00f3ny, v&nbsp;\u00faseku mezi Vina\u0159skou a&nbsp;Letohradskou bude cykloobousm\u011brka.<\/p>\r\n<p>&nbsp;<\/p>\r\n<p><strong>Kosteln\u00ed \u00d7 Veverkova<\/strong> \u2013 v\u00a0ul. Kosteln\u00ed p\u0159ed k\u0159i\u017eovatkou se dopravn\u00ed st\u00edn zm\u011bn\u00ed na parkov\u00e1n\u00ed pro motorky, v&nbsp;ulici Veverkova a&nbsp;Vina\u0159sk\u00e1 budou cykloobousm\u011brky, dojde k\u00a0p\u0159id\u00e1n\u00ed p\u0159echodu v\u00a0ul. Veverkova na severn\u00edm rameni k\u0159i\u017eovatky s\u00a0ul. Vina\u0159sk\u00e1. Na ji\u017en\u00edm rameni vznikne z\u00e1sobovac\u00ed m\u00edsto. N\u00e1ro\u017e\u00ed u&nbsp;ul. Kosteln\u00ed bude ochr\u00e1n\u011bno sloupky.<\/p>\r\n<p>&nbsp;<\/p>\r\n<p><strong>He\u0159manova \u00d7 Franti\u0161ka K\u0159\u00ed\u017eka u&nbsp;restaurace Na M\u011bln\u00edku<\/strong> \u2013 vytvo\u0159en\u00ed z\u00e1sobovac\u00edho m\u00edsta p\u0159ed restaurac\u00ed v\u00a0ulici Fr. K\u0159\u00ed\u017eka, kter\u00e9 bude slou\u017eit i&nbsp;m\u00edstn\u00edm obyvatel\u016fm pro vylo\u017een\u00ed\/nalo\u017een\u00ed n\u00e1kladu. Sou\u010dasn\u011b s\u00a0t\u00edm dojde k\u00a0ochran\u011b a&nbsp;zkr\u00e1cen\u00ed p\u0159echod\u016f pomoc\u00ed flexisloupk\u016f.<\/p>\r\n<p>&nbsp;<\/p>\r\n<p><strong>U Star\u00e9 plyn\u00e1rny \u00d7 Kouteck\u00e9ho<\/strong> \u2013 dopln\u011bn\u00ed p\u0159echod\u016f na k\u0159i\u017eovatce s\u00a0ochranou pomoc\u00ed flexisloupk\u016f.<\/p>\r\n<p>&nbsp;<\/p>\r\n<p><strong>Veletr\u017en\u00ed \u00d7 Ha\u0161kova a&nbsp;Veletr\u017en\u00ed \u00d7 Fr. K\u0159\u00ed\u017eka<\/strong> \u2013 dopln\u011bn\u00ed z\u00e1sobovac\u00edch m\u00edst t\u011bsn\u011b za k\u0159i\u017eovatkou pro obsluhu ul. Veletr\u017en\u00ed i&nbsp;bo\u010dn\u00edch ulic.<\/p>\r\n<p>&nbsp;<\/p>","protected":false},"excerpt":{"rendered":"[perex] Za\u010dala stavebn\u00ed sezona a&nbsp;TSK hl. m. Prahy ozn\u00e1mila realizace p\u0159ipraven\u00fdch (n\u011bkdy i&nbsp;n\u011bkolik let) \u00faprav, jejich\u017e c\u00edlem je zv\u00fd\u0161en\u00ed bezpe\u010dnosti chodc\u016f, zlep\u0161en\u00ed mo\u017enosti z\u00e1sobov\u00e1n\u00ed a&nbsp;dopln\u011bn\u00ed cykloobousm\u011brek. P\u0159in\u00e1\u0161\u00edme stru\u010dn\u00fd p\u0159ehled akc\u00ed, kter\u00e9 by m\u011bla TSK realizovat v&nbsp;pr\u016fb\u011bhu kv\u011btna. [\/perex] Z\u00e1rove\u0148 upozor\u0148ujeme, \u017ee krom\u011b n\u00ed\u017ee uveden\u00fdch akc\u00ed TSK vyu\u017eije voln\u011bj\u0161\u00edch ulic v&nbsp;obdob\u00ed blokov\u00e9ho \u010di\u0161t\u011bn\u00ed komunikac\u00ed k&nbsp;zaji\u0161t\u011bn\u00ed dal\u0161\u00edch [&hellip;]","protected":false},"author":5,"featured_media":83851,"comment_status":"closed","ping_status":"open","sticky":false,"template":"","format":"standard","meta":[],"categories":[34],"tags":[57],"_links":{"self":[{"href":"https:\/\/www.praha7.cz\/api\/wp\/v2\/posts\/83836"}],"collection":[{"href":"https:\/\/www.praha7.cz\/api\/wp\/v2\/posts"}],"about":[{"href":"https:\/\/www.praha7.cz\/api\/wp\/v2\/types\/post"}],"author":[{"embeddable":true,"href":"https:\/\/www.praha7.cz\/api\/wp\/v2\/users\/5"}],"replies":[{"embeddable":true,"href":"https:\/\/www.praha7.cz\/api\/wp\/v2\/comments?post=83836"}],"version-history":[{"count":14,"href":"https:\/\/www.praha7.cz\/api\/wp\/v2\/posts\/83836\/revisions"}],"predecessor-version":[{"id":84430,"href":"https:\/\/www.praha7.cz\/api\/wp\/v2\/posts\/83836\/revisions\/84430"}],"wp:featuredmedia":[{"embeddable":true,"href":"https:\/\/www.praha7.cz\/api\/wp\/v2\/media\/83851"}],"wp:attachment":[{"href":"https:\/\/www.praha7.cz\/api\/wp\/v2\/media?parent=83836"}],"wp:term":[{"taxonomy":"category","embeddable":true,"href":"https:\/\/www.praha7.cz\/api\/wp\/v2\/categories?post=83836"},{"taxonomy":"post_tag","embeddable":true,"href":"https:\/\/www.praha7.cz\/api\/wp\/v2\/tags?post=83836"}],"curies":[{"name":"wp","href":"https:\/\/api.w.org\/{rel}","templated":true}]}}