    
{"id":83822,"date":"2025-04-29T14:05:19","date_gmt":"2025-04-29T12:05:19","guid":{"rendered":"https:\/\/www.praha7.cz\/?p=83822"},"modified":"2025-05-07T11:51:38","modified_gmt":"2025-05-07T09:51:38","slug":"praha-7-se-pripojuje-k-vyzvam-za-urychlene-schvaleni-skolskeho-zakona","status":"publish","type":"post","link":"https:\/\/www.praha7.cz\/praha-7-se-pripojuje-k-vyzvam-za-urychlene-schvaleni-skolskeho-zakona\/","title":{"rendered":"Praha&nbsp;7 se p\u0159ipojuje k&nbsp;v\u00fdzv\u00e1m za urychlen\u00e9 schv\u00e1len\u00ed \u0161kolsk\u00e9ho z\u00e1kona"},"content":{"rendered":"<p>[perex]<\/p>\r\n<p>M\u010c Praha&nbsp;7 se koncem dubna p\u0159ipojila k&nbsp;signat\u00e1\u0159\u016fm otev\u0159en\u00fdch dopis\u016f poslanc\u016fm a&nbsp;prezidentovi \u010cR. Odborn\u00e9 organizace, kter\u00e9 se dlouhodob\u011b v\u011bnuj\u00ed pot\u0159eb\u00e1m d\u011bt\u00ed a&nbsp;podpo\u0159e vzd\u011bl\u00e1v\u00e1n\u00ed, apeluj\u00ed na z\u00e1konod\u00e1rce, aby urychlen\u011b schv\u00e1lili \u0161kolsk\u00fd z\u00e1kon, jeho\u017e projedn\u00e1n\u00ed bylo ji\u017e posedm\u00e9 odlo\u017eeno na dal\u0161\u00ed sch\u016fzi Poslaneck\u00e9 sn\u011bmovny. \u00a0<\/p>\r\n<p>Dne 5.&nbsp;kv\u011btna 2025 se Praha&nbsp;7 p\u0159ipojila tak\u00e9 k&nbsp;otev\u0159en\u00e9 v\u00fdzv\u011b poslanc\u016fm ke sta\u017een\u00ed pozm\u011b\u0148ovac\u00edho n\u00e1vrhu k&nbsp;p\u0159evodu financov\u00e1n\u00ed nepedagogick\u00fdch pracovn\u00edk\u016f. Tento bod je toti\u017e dlouhodob\u00fdm p\u0159edm\u011btem sporu mezi koalic\u00ed a&nbsp;opozic\u00ed a&nbsp;p\u0159edstavuje hlavn\u00ed p\u0159ek\u00e1\u017eku pro schv\u00e1len\u00ed tolik pot\u0159ebn\u00e9 \u0161kolsk\u00e9 novely. Jej\u00ed t\u0159et\u00ed \u010dten\u00ed je za\u0159azeno na 134.&nbsp;sch\u016fzi Poslaneck\u00e9 sn\u011bmovny, kter\u00e1 se kon\u00e1 7.&nbsp;kv\u011btna 2025.\u00a0<\/p>\r\n<p>[\/perex]<\/p>\r\n<p><em>&#8222;Pokud novela nebude v\u010das schv\u00e1lena, re\u00e1ln\u011b hroz\u00ed, \u017ee v\u010das nedojde nejen k&nbsp;pot\u0159ebn\u00e9mu ukotven\u00ed soci\u00e1ln\u00edch pedagog\u016f v&nbsp;z\u00e1kon\u011b, ale bude ohro\u017eeno i&nbsp;financov\u00e1n\u00ed dal\u0161\u00edch podp\u016frn\u00fdch profes\u00ed, nap\u0159\u00edklad \u0161koln\u00edch psycholog\u016f. Sn\u011bmovna p\u0159itom ji\u017e schv\u00e1lila novelu, kter\u00e1 m\u00e1 omezit odklady zah\u00e1jen\u00ed povinn\u00e9 \u0161koln\u00ed doch\u00e1zky. Pokud nebudou schv\u00e1leny dal\u0161\u00ed legislativn\u00ed \u00fapravy, bude to znamenat velk\u00e9 probl\u00e9my pro d\u011bti i&nbsp;\u0161koly. Kv\u016fli tomu pak nejen d\u011bti, kter\u00e9 nebudou moci z\u016fstat o&nbsp;rok d\u00e9le ve \u0161kolce nebo p\u0159\u00edpravn\u00e9 t\u0159\u00edd\u011b, nez\u00edskaj\u00ed adekv\u00e1tn\u00ed podporu a&nbsp;pomoc. Praha&nbsp;7 se od po\u010d\u00e1tku aktivn\u011b zapojuje do debaty a&nbsp;sna\u017e\u00ed se podpo\u0159it zaji\u0161t\u011bn\u00ed stabiln\u00edho financov\u00e1n\u00ed soci\u00e1ln\u00edch pedagog\u016f a&nbsp;dal\u0161\u00edch podp\u016frn\u00fdch profes\u00ed. D\u011bti a&nbsp;\u0161koly ji\u017e nemohou \u010dekat,&#8220;<\/em>\u00a0 uv\u00e1d\u00ed <strong>m\u00edstostarostka Prahy&nbsp;7 Hana \u0160i\u0161kov\u00e1<\/strong>, kter\u00e1 m\u00e1 na starosti \u0161kolstv\u00ed a&nbsp;vzd\u011bl\u00e1v\u00e1n\u00ed.\u00a0<\/p>\r\n<p>Otev\u0159en\u00e9 dopisy k&nbsp;t\u00e9to problematice i&nbsp;k&nbsp;dal\u0161\u00edm opat\u0159en\u00edm, kter\u00e9 se t\u00fdkaj\u00ed st\u00e1le se zhor\u0161uj\u00edc\u00edho psychick\u00e9ho stavu d\u011bt\u00ed, n\u00e1sil\u00ed na d\u011btech a&nbsp;dal\u0161\u00edch d\u016fle\u017eit\u00fdch t\u00e9mat, najdete n\u00ed\u017ee. D\u011bkujeme v\u0161em, kte\u0159\u00ed za d\u011bti a&nbsp;\u0161koly bojuj\u00ed!<\/p>\r\n<h3><\/h3>\r\n<h3><a href=\"https:\/\/www.praha7.cz\/wp-content\/uploads\/2025\/04\/Otevrena-vyzva-Poslanecke-snemovne-Parlamentu-CR.pdf\" target=\"_blank\" rel=\"noopener\">Otev\u0159en\u00e1 v\u00fdzva Poslaneck\u00e9 sn\u011bmovn\u011b Parlamentu \u010cR<\/a><\/h3>\r\n<h3><a href=\"https:\/\/www.praha7.cz\/wp-content\/uploads\/2025\/04\/Otevreny-dopis-prezidentovi-a-prvni-dame-Ceske-republiky.pdf\" target=\"_blank\" rel=\"noopener\">Otev\u0159en\u00fd dopis prezidentovi a&nbsp;prvn\u00ed d\u00e1m\u011b \u010cR<\/a><\/h3>\r\n<h3><a href=\"https:\/\/www.praha7.cz\/wp-content\/uploads\/2025\/04\/Otevreny-dopis-Poslanecka-snemovna.pdf\" target=\"_blank\" rel=\"noopener\">Otev\u0159en\u00fd dopis Poslaneck\u00e1 sn\u011bmovna Parlamentu \u010cR<\/a><\/h3>\r\n<p>&nbsp;<\/p>","protected":false},"excerpt":{"rendered":"[perex] M\u010c Praha&nbsp;7 se koncem dubna p\u0159ipojila k&nbsp;signat\u00e1\u0159\u016fm otev\u0159en\u00fdch dopis\u016f poslanc\u016fm a&nbsp;prezidentovi \u010cR. Odborn\u00e9 organizace, kter\u00e9 se dlouhodob\u011b v\u011bnuj\u00ed pot\u0159eb\u00e1m d\u011bt\u00ed a&nbsp;podpo\u0159e vzd\u011bl\u00e1v\u00e1n\u00ed, apeluj\u00ed na z\u00e1konod\u00e1rce, aby urychlen\u011b schv\u00e1lili \u0161kolsk\u00fd z\u00e1kon, jeho\u017e projedn\u00e1n\u00ed bylo ji\u017e posedm\u00e9 odlo\u017eeno na dal\u0161\u00ed sch\u016fzi Poslaneck\u00e9 sn\u011bmovny. \u00a0 Dne 5.&nbsp;kv\u011btna 2025 se Praha&nbsp;7 p\u0159ipojila tak\u00e9 k&nbsp;otev\u0159en\u00e9 v\u00fdzv\u011b poslanc\u016fm ke sta\u017een\u00ed [&hellip;]","protected":false},"author":5,"featured_media":83831,"comment_status":"closed","ping_status":"open","sticky":false,"template":"","format":"standard","meta":[],"categories":[34,74],"tags":[84,123,94],"_links":{"self":[{"href":"https:\/\/www.praha7.cz\/api\/wp\/v2\/posts\/83822"}],"collection":[{"href":"https:\/\/www.praha7.cz\/api\/wp\/v2\/posts"}],"about":[{"href":"https:\/\/www.praha7.cz\/api\/wp\/v2\/types\/post"}],"author":[{"embeddable":true,"href":"https:\/\/www.praha7.cz\/api\/wp\/v2\/users\/5"}],"replies":[{"embeddable":true,"href":"https:\/\/www.praha7.cz\/api\/wp\/v2\/comments?post=83822"}],"version-history":[{"count":10,"href":"https:\/\/www.praha7.cz\/api\/wp\/v2\/posts\/83822\/revisions"}],"predecessor-version":[{"id":83960,"href":"https:\/\/www.praha7.cz\/api\/wp\/v2\/posts\/83822\/revisions\/83960"}],"wp:featuredmedia":[{"embeddable":true,"href":"https:\/\/www.praha7.cz\/api\/wp\/v2\/media\/83831"}],"wp:attachment":[{"href":"https:\/\/www.praha7.cz\/api\/wp\/v2\/media?parent=83822"}],"wp:term":[{"taxonomy":"category","embeddable":true,"href":"https:\/\/www.praha7.cz\/api\/wp\/v2\/categories?post=83822"},{"taxonomy":"post_tag","embeddable":true,"href":"https:\/\/www.praha7.cz\/api\/wp\/v2\/tags?post=83822"}],"curies":[{"name":"wp","href":"https:\/\/api.w.org\/{rel}","templated":true}]}}