    
{"id":83816,"date":"2025-04-29T13:32:53","date_gmt":"2025-04-29T11:32:53","guid":{"rendered":"https:\/\/www.praha7.cz\/?p=83816"},"modified":"2025-05-05T09:14:55","modified_gmt":"2025-05-05T07:14:55","slug":"most-5-25","status":"publish","type":"post","link":"https:\/\/www.praha7.cz\/most-5-25\/","title":{"rendered":"Maraton a&nbsp;pr\u00e1ce na \u017eelezni\u010dn\u00edm most\u011b omez\u00ed dopravu od 1.&nbsp;do 4.&nbsp;5."},"content":{"rendered":"<p>[perex]<\/p>\r\n<p>V souvislosti s&nbsp;modernizac\u00ed \u017eeleznice a&nbsp;pracemi na \u017eelezni\u010dn\u00edm most\u011b doch\u00e1z\u00ed od \u010dtvrtka 1.&nbsp;kv\u011btna (od 4.15 hodin) do soboty 3.&nbsp;kv\u011btna 2025 (p\u0159ibli\u017en\u011b do 24.00 hodin) k&nbsp;obousm\u011brn\u00e9mu p\u0159eru\u0161en\u00ed provozu tramvaj\u00ed v&nbsp;\u00faseku Vltavsk\u00e1 \u2013 D\u011blnick\u00e1 \u2013 N\u00e1dra\u017e\u00ed Hole\u0161ovice \u2013 Ke St\u00edrce. Dot\u010den\u00e9 linky: 1, 3, 14, 25, 93. Zavedena\/prodlou\u017eena je n\u00e1hradn\u00ed autobusov\u00e1 doprava X1, X25 a&nbsp;no\u010dn\u00ed X93. Detaily najdete <a href=\"https:\/\/www.dpp.cz\/omezeni-a-mimoradne-udalosti\/detail\/27129\" target=\"_blank\" rel=\"noopener\">zde<\/a>. K&nbsp;dal\u0161\u00edmu omezen\u00ed MHD dojde v&nbsp;pr\u016fb\u011bhu ned\u011ble v&nbsp;\u010dase cca 8.35 a\u017e 16.15\u00a0 v&nbsp;souvislosti s&nbsp;pra\u017esk\u00fdm <a href=\"https:\/\/www.runczech.com\/cs\/akce\/orlen-maraton-praha-2025\/dopravni-informace-orlen-maraton-praha-2025\" target=\"_blank\" rel=\"noopener\">maratonem<\/a>. Dopravn\u00ed opat\u0159en\u00ed v&nbsp;MHD najdete <a href=\"https:\/\/www.dpp.cz\/omezeni-a-mimoradne-udalosti\/detail\/27184\" target=\"_blank\" rel=\"noopener\">zde<\/a>.<\/p>\r\n<p>Omezen\u00ed se dot\u00fdk\u00e1 i&nbsp;automobilov\u00e9 dopravy. V&nbsp;\u010d\u00e1sti v\u00fdluk (1.\u20133.&nbsp;5.) bude uzav\u0159en j\u00edzdn\u00ed p\u00e1s v&nbsp;ulici Za Viaduktem ve sm\u011bru j\u00edzdy na n\u00e1b\u0159e\u017e\u00ed Edvarda Bene\u0161e. Doprava bude vedena ulicemi U&nbsp;Top\u00edren, Argentinsk\u00e1, Bubensk\u00e9 n\u00e1b\u0159e\u017e\u00ed, n\u00e1b\u0159e\u017e\u00ed Kapit\u00e1na Jaro\u0161e. Sledujte pros\u00edm m\u00edstn\u00ed dopravn\u00ed zna\u010den\u00ed, podrobn\u00e9 informace najdete na str\u00e1nce <a href=\"https:\/\/opravujeme.to\/action\/2052\/\" target=\"_blank\" rel=\"noopener\">opravujeme.to<\/a>. V&nbsp;ned\u011bli pak na \u0159idi\u010de \u010dekaj\u00ed omezen\u00ed spojen\u00e1 <a href=\"https:\/\/www.runczech.com\/cs\/akce\/orlen-maraton-praha-2025\/dopravni-informace-orlen-maraton-praha-2025\" target=\"_blank\" rel=\"noopener\">s maratonsk\u00fdm b\u011bhem<\/a>. V\u00edce informac\u00ed n\u00ed\u017ee.<\/p>\r\n<p>[\/perex]<\/p>\r\n<h3><a href=\"https:\/\/www.praha7.cz\/wp-content\/uploads\/2025\/04\/FM_Traffic_Info_2025.pdf\" target=\"_blank\" rel=\"noopener\">Let\u00e1k dopravn\u00edch opat\u0159en\u00ed spojen\u00fdch s&nbsp;maratonem<\/a><\/h3>\r\n<h4>Bezplatn\u00e1 dopravn\u011b-informa\u010dn\u00ed linka<\/h4>\r\n<p>Od pond\u011bl\u00ed 28.&nbsp;4.&nbsp;do soboty 3.&nbsp;5. (v\u017edy od 9.00 do 18.00) je v\u00e1m k&nbsp;dispozici bezplatn\u00e1 dopravn\u011b-informa\u010dn\u00ed linka: 800&nbsp;165&nbsp;102. V&nbsp;den z\u00e1vodu, tj. v&nbsp;ned\u011bli 4.&nbsp;5., od 8.00 do 16.00 jsou k&nbsp;dispozici tyto bezplatn\u00e9 dopravn\u011b-informa\u010dn\u00ed linky: 800&nbsp;100&nbsp;991 a&nbsp;800&nbsp;165&nbsp;102.<\/p>\r\n<h4>Lokality s&nbsp;omezen\u00fdm parkov\u00e1n\u00edm v&nbsp;Praze 7<\/h4>\r\n<p>V sobotu a&nbsp;v&nbsp;ned\u011bli 3.&nbsp;a&nbsp;4.&nbsp;kv\u011btna 2025 bude platit z&nbsp;d\u016fvodu zachov\u00e1n\u00ed bezpe\u010dnosti po cel\u00e9 trase z\u00e1vodu z\u00e1kaz parkov\u00e1n\u00ed, kter\u00fd by m\u011bli v\u0161ichni \u0159idi\u010di respektovat. V&nbsp;opa\u010dn\u00e9m p\u0159\u00edpad\u011b budou jejich vozidla odta\u017eena.<\/p>\r\n<ul>\r\n\t<li>n\u00e1b\u0159e\u017e\u00ed E. Bene\u0161e a&nbsp;podjezd pod \u010cechov\u00fdm mostem \u2013 v&nbsp;cel\u00e9 d\u00e9lce<\/li>\r\n\t<li>n\u00e1b\u0159e\u017e\u00ed kpt. Jaro\u0161e a\u00a0podjezd pod \u0160tef\u00e1nikov\u00fdm mostem \u2013 v\u00a0cel\u00e9 d\u00e9lce<\/li>\r\n<\/ul>\r\n<h4>Dopravn\u00ed omezen\u00ed<\/h4>\r\n<p>Dopravu bude v&nbsp;cel\u00e9 oblasti \u0159\u00eddit Policie \u010cR ve spolupr\u00e1ci s&nbsp;M\u011bstskou polici\u00ed Praha a&nbsp;od 8.00 do 16.00 bude postupn\u011b po trase z\u00e1vodu uzav\u00edrat a&nbsp;otev\u00edrat ulice a&nbsp;k\u0159i\u017eovatky. Mimo tento \u010das bude platit b\u011b\u017en\u00fd dopravn\u00ed re\u017eim s&nbsp;v\u00fdjimkou ulic Pa\u0159\u00ed\u017esk\u00e1, Starom\u011bstsk\u00e9 a&nbsp;V\u00e1clavsk\u00e9 n\u00e1m\u011bst\u00ed, kde bude kv\u016fli budov\u00e1n\u00ed z\u00e1zem\u00ed z\u00e1vodu platit omezen\u00ed d\u00e9le.\u00a0\u00a0<\/p>\r\n<p>Kv\u016fli kon\u00e1n\u00ed z\u00e1vodu budou\u00a0<strong>do\u010dasn\u011b uzav\u0159eny pro automobilov\u00fd provoz\u00a0tyto komunikace v\u00a0Praze 7:\u00a0Bubensk\u00e9 n\u00e1b\u0159e\u017e\u00ed, ulice Jankovcova, Jate\u010dn\u00ed a\u00a0Komunard\u016f i\u00a0n\u00e1b\u0159e\u017e\u00ed Edvarda Bene\u0161e a\u00a0Kapit\u00e1na Jaro\u0161e<\/strong>.<\/p>\r\n<p>&nbsp;<\/p>\r\n<p><em>D\u011bkujeme za pochopen\u00ed a&nbsp;b\u011b\u017ec\u016fm p\u0159ejeme hodn\u011b zdaru.<\/em><\/p>\r\n<p>&nbsp;<\/p>","protected":false},"excerpt":{"rendered":"[perex] V&nbsp;souvislosti s&nbsp;modernizac\u00ed \u017eeleznice a&nbsp;pracemi na \u017eelezni\u010dn\u00edm most\u011b doch\u00e1z\u00ed od \u010dtvrtka 1.&nbsp;kv\u011btna (od 4.15 hodin) do soboty 3.&nbsp;kv\u011btna 2025 (p\u0159ibli\u017en\u011b do 24.00 hodin) k&nbsp;obousm\u011brn\u00e9mu p\u0159eru\u0161en\u00ed provozu tramvaj\u00ed v&nbsp;\u00faseku Vltavsk\u00e1 \u2013 D\u011blnick\u00e1 \u2013 N\u00e1dra\u017e\u00ed Hole\u0161ovice \u2013 Ke St\u00edrce. Dot\u010den\u00e9 linky: 1, 3, 14, 25, 93. Zavedena\/prodlou\u017eena je n\u00e1hradn\u00ed autobusov\u00e1 doprava X1, X25 a&nbsp;no\u010dn\u00ed X93. Detaily [&hellip;]","protected":false},"author":251,"featured_media":83857,"comment_status":"closed","ping_status":"open","sticky":false,"template":"","format":"standard","meta":[],"categories":[34],"tags":[57,125],"_links":{"self":[{"href":"https:\/\/www.praha7.cz\/api\/wp\/v2\/posts\/83816"}],"collection":[{"href":"https:\/\/www.praha7.cz\/api\/wp\/v2\/posts"}],"about":[{"href":"https:\/\/www.praha7.cz\/api\/wp\/v2\/types\/post"}],"author":[{"embeddable":true,"href":"https:\/\/www.praha7.cz\/api\/wp\/v2\/users\/251"}],"replies":[{"embeddable":true,"href":"https:\/\/www.praha7.cz\/api\/wp\/v2\/comments?post=83816"}],"version-history":[{"count":8,"href":"https:\/\/www.praha7.cz\/api\/wp\/v2\/posts\/83816\/revisions"}],"predecessor-version":[{"id":83855,"href":"https:\/\/www.praha7.cz\/api\/wp\/v2\/posts\/83816\/revisions\/83855"}],"wp:featuredmedia":[{"embeddable":true,"href":"https:\/\/www.praha7.cz\/api\/wp\/v2\/media\/83857"}],"wp:attachment":[{"href":"https:\/\/www.praha7.cz\/api\/wp\/v2\/media?parent=83816"}],"wp:term":[{"taxonomy":"category","embeddable":true,"href":"https:\/\/www.praha7.cz\/api\/wp\/v2\/categories?post=83816"},{"taxonomy":"post_tag","embeddable":true,"href":"https:\/\/www.praha7.cz\/api\/wp\/v2\/tags?post=83816"}],"curies":[{"name":"wp","href":"https:\/\/api.w.org\/{rel}","templated":true}]}}