    
{"id":83810,"date":"2025-04-29T11:49:45","date_gmt":"2025-04-29T09:49:45","guid":{"rendered":"https:\/\/www.praha7.cz\/?p=83810"},"modified":"2025-05-05T13:19:58","modified_gmt":"2025-05-05T11:19:58","slug":"oprava-na-krizovatce-ulic-vrbenskeho-a-mala-plynarni","status":"publish","type":"post","link":"https:\/\/www.praha7.cz\/oprava-na-krizovatce-ulic-vrbenskeho-a-mala-plynarni\/","title":{"rendered":"Oprava p\u0159\u00edpojek uli\u010dn\u00edch vpust\u00ed Vrbensk\u00e9ho \u00d7 Mal\u00e1 Plyn\u00e1rn\u00ed"},"content":{"rendered":"<p>[perex]<\/p>\r\n<p>Upozor\u0148ujeme na z\u00e1bor vozovky na k\u0159i\u017eovatce ulic Vrbensk\u00e9ho (jeden j\u00edzdn\u00ed pruh) a&nbsp;Mal\u00e1 Plyn\u00e1rn\u00ed. Oprava p\u0159\u00edpojek uli\u010dn\u00edch vpust\u00ed bude prob\u00edhat v&nbsp;term\u00ednu 28.&nbsp;dubna \u2013 31.&nbsp;\u010dervence 2025. Pr\u016fjezd ulic\u00ed Mal\u00e1 Plyn\u00e1rn\u00ed z\u016fstane zachov\u00e1n. Pr\u00e1ce si vy\u017e\u00e1daj\u00ed d\u00edl\u010d\u00ed omezen\u00ed parkov\u00e1n\u00ed v&nbsp;dot\u010den\u00e9 oblasti, d\u011bkujeme za pochopen\u00ed.<\/p>\r\n<p>[\/perex]<\/p>\r\n<p>&nbsp;<\/p>","protected":false},"excerpt":{"rendered":"[perex] Upozor\u0148ujeme na z\u00e1bor vozovky na k\u0159i\u017eovatce ulic Vrbensk\u00e9ho (jeden j\u00edzdn\u00ed pruh) a&nbsp;Mal\u00e1 Plyn\u00e1rn\u00ed. Oprava p\u0159\u00edpojek uli\u010dn\u00edch vpust\u00ed bude prob\u00edhat v&nbsp;term\u00ednu 28.&nbsp;dubna \u2013 31.&nbsp;\u010dervence 2025. Pr\u016fjezd ulic\u00ed Mal\u00e1 Plyn\u00e1rn\u00ed z\u016fstane zachov\u00e1n. Pr\u00e1ce si vy\u017e\u00e1daj\u00ed d\u00edl\u010d\u00ed omezen\u00ed parkov\u00e1n\u00ed v&nbsp;dot\u010den\u00e9 oblasti, d\u011bkujeme za pochopen\u00ed. [\/perex] &nbsp;","protected":false},"author":251,"featured_media":83811,"comment_status":"closed","ping_status":"open","sticky":false,"template":"","format":"standard","meta":[],"categories":[34],"tags":[57,125],"_links":{"self":[{"href":"https:\/\/www.praha7.cz\/api\/wp\/v2\/posts\/83810"}],"collection":[{"href":"https:\/\/www.praha7.cz\/api\/wp\/v2\/posts"}],"about":[{"href":"https:\/\/www.praha7.cz\/api\/wp\/v2\/types\/post"}],"author":[{"embeddable":true,"href":"https:\/\/www.praha7.cz\/api\/wp\/v2\/users\/251"}],"replies":[{"embeddable":true,"href":"https:\/\/www.praha7.cz\/api\/wp\/v2\/comments?post=83810"}],"version-history":[{"count":4,"href":"https:\/\/www.praha7.cz\/api\/wp\/v2\/posts\/83810\/revisions"}],"predecessor-version":[{"id":83815,"href":"https:\/\/www.praha7.cz\/api\/wp\/v2\/posts\/83810\/revisions\/83815"}],"wp:featuredmedia":[{"embeddable":true,"href":"https:\/\/www.praha7.cz\/api\/wp\/v2\/media\/83811"}],"wp:attachment":[{"href":"https:\/\/www.praha7.cz\/api\/wp\/v2\/media?parent=83810"}],"wp:term":[{"taxonomy":"category","embeddable":true,"href":"https:\/\/www.praha7.cz\/api\/wp\/v2\/categories?post=83810"},{"taxonomy":"post_tag","embeddable":true,"href":"https:\/\/www.praha7.cz\/api\/wp\/v2\/tags?post=83810"}],"curies":[{"name":"wp","href":"https:\/\/api.w.org\/{rel}","templated":true}]}}