    
{"id":83807,"date":"2025-04-29T11:27:58","date_gmt":"2025-04-29T09:27:58","guid":{"rendered":"https:\/\/www.praha7.cz\/?p=83807"},"modified":"2025-04-29T11:27:58","modified_gmt":"2025-04-29T09:27:58","slug":"pietni-akt-u-pomniku-obetem-povstani-v-kvetnu-1945","status":"publish","type":"post","link":"https:\/\/www.praha7.cz\/pietni-akt-u-pomniku-obetem-povstani-v-kvetnu-1945\/","title":{"rendered":"Pietn\u00ed akt u&nbsp;pomn\u00edku Ob\u011btem povst\u00e1n\u00ed v&nbsp;kv\u011btnu 1945"},"content":{"rendered":"<p>[perex]<\/p>\r\n<p>M\u011bstsk\u00e1 \u010d\u00e1st Praha&nbsp;7 v\u00e1s zve na vzpom\u00ednkov\u00fd pietn\u00ed akt spojen\u00fd s&nbsp;kladen\u00edm v\u011bnc\u016f u&nbsp;p\u0159\u00edle\u017eitosti v\u00fdznamn\u00e9ho dne Kv\u011btnov\u00e9 povst\u00e1n\u00ed \u010desk\u00e9ho lidu a&nbsp;st\u00e1tn\u00edho sv\u00e1tku Den v\u00edt\u011bzstv\u00ed. Ud\u00e1lost se uskute\u010dn\u00ed v&nbsp;pond\u011bl\u00ed 5.&nbsp;kv\u011btna 2025 v&nbsp;10.00 u&nbsp;pomn\u00edku padl\u00fdch v&nbsp;\u00fapat\u00ed mostu Barik\u00e1dn\u00edk\u016f v&nbsp;ul. Povltavsk\u00e1 (severoz\u00e1padn\u00ed strana mostu).<\/p>\r\n<p>[\/perex]<\/p>\r\n<p>Dopravn\u00ed spojen\u00ed na m\u00edsto kon\u00e1n\u00ed: linka 187 ze zast\u00e1vky N\u00e1dra\u017e\u00ed Hole\u0161ovice do zast\u00e1vky Pelc Tyrolka.<\/p>","protected":false},"excerpt":{"rendered":"[perex] M\u011bstsk\u00e1 \u010d\u00e1st Praha&nbsp;7 v\u00e1s zve na vzpom\u00ednkov\u00fd pietn\u00ed akt spojen\u00fd s&nbsp;kladen\u00edm v\u011bnc\u016f u&nbsp;p\u0159\u00edle\u017eitosti v\u00fdznamn\u00e9ho dne Kv\u011btnov\u00e9 povst\u00e1n\u00ed \u010desk\u00e9ho lidu a&nbsp;st\u00e1tn\u00edho sv\u00e1tku Den v\u00edt\u011bzstv\u00ed. Ud\u00e1lost se uskute\u010dn\u00ed v&nbsp;pond\u011bl\u00ed 5.&nbsp;kv\u011btna 2025 v&nbsp;10.00 u&nbsp;pomn\u00edku padl\u00fdch v&nbsp;\u00fapat\u00ed mostu Barik\u00e1dn\u00edk\u016f v&nbsp;ul. Povltavsk\u00e1 (severoz\u00e1padn\u00ed strana mostu). [\/perex] Dopravn\u00ed spojen\u00ed na m\u00edsto kon\u00e1n\u00ed: linka 187 ze zast\u00e1vky N\u00e1dra\u017e\u00ed Hole\u0161ovice do zast\u00e1vky [&hellip;]","protected":false},"author":251,"featured_media":75291,"comment_status":"closed","ping_status":"open","sticky":false,"template":"","format":"standard","meta":[],"categories":[34],"tags":[135],"_links":{"self":[{"href":"https:\/\/www.praha7.cz\/api\/wp\/v2\/posts\/83807"}],"collection":[{"href":"https:\/\/www.praha7.cz\/api\/wp\/v2\/posts"}],"about":[{"href":"https:\/\/www.praha7.cz\/api\/wp\/v2\/types\/post"}],"author":[{"embeddable":true,"href":"https:\/\/www.praha7.cz\/api\/wp\/v2\/users\/251"}],"replies":[{"embeddable":true,"href":"https:\/\/www.praha7.cz\/api\/wp\/v2\/comments?post=83807"}],"version-history":[{"count":1,"href":"https:\/\/www.praha7.cz\/api\/wp\/v2\/posts\/83807\/revisions"}],"predecessor-version":[{"id":83808,"href":"https:\/\/www.praha7.cz\/api\/wp\/v2\/posts\/83807\/revisions\/83808"}],"wp:featuredmedia":[{"embeddable":true,"href":"https:\/\/www.praha7.cz\/api\/wp\/v2\/media\/75291"}],"wp:attachment":[{"href":"https:\/\/www.praha7.cz\/api\/wp\/v2\/media?parent=83807"}],"wp:term":[{"taxonomy":"category","embeddable":true,"href":"https:\/\/www.praha7.cz\/api\/wp\/v2\/categories?post=83807"},{"taxonomy":"post_tag","embeddable":true,"href":"https:\/\/www.praha7.cz\/api\/wp\/v2\/tags?post=83807"}],"curies":[{"name":"wp","href":"https:\/\/api.w.org\/{rel}","templated":true}]}}