    
{"id":83755,"date":"2025-04-25T15:38:17","date_gmt":"2025-04-25T13:38:17","guid":{"rendered":"https:\/\/www.praha7.cz\/?p=83755"},"modified":"2025-05-05T13:18:45","modified_gmt":"2025-05-05T11:18:45","slug":"frantiskovy-lasky-1-kvetna-v-ulici-frantiska-krizka","status":"publish","type":"post","link":"https:\/\/www.praha7.cz\/frantiskovy-lasky-1-kvetna-v-ulici-frantiska-krizka\/","title":{"rendered":"Franti\u0161kovy l\u00e1sky 1.&nbsp;kv\u011btna v&nbsp;ulici Franti\u0161ka K\u0159\u00ed\u017eka"},"content":{"rendered":"<p>[perex]<\/p>\r\n<p>Ve \u010dtvrtek 1.&nbsp;kv\u011btna 2025 Bio Oko op\u011bt o\u017eije sousedskou slavnost\u00ed Franti\u0161kovy l\u00e1sky. Pestr\u00fd program je p\u0159ipraven jak pro m\u00edstn\u00ed, tak pro kohokoli, kdo se t\u00edmto sm\u011brem zatoul\u00e1. Ulici Franti\u0161ka K\u0159\u00ed\u017eka zapln\u00ed r\u016fznorod\u00e9 programy i&nbsp;ob\u010derstven\u00ed pro v\u0161echny generace a&nbsp;chut\u011b. V&nbsp;\u010d\u00e1sti ulice bude omezeno parkov\u00e1n\u00ed, sledujte pros\u00edm dopravn\u00ed zna\u010den\u00ed. D\u011bkujeme za pochopen\u00ed.<\/p>\r\n<p>[\/perex]<\/p>\r\n<p>Na co se m\u016f\u017eete t\u011b\u0161it? Na \u017eivou hudbu, divadlo, tv\u016fr\u010d\u00ed d\u00edlny, ale i&nbsp;na filmy v&nbsp;s\u00e1le kina. Krom\u011b interaktivn\u00edho programu bude po celou dobu akce na m\u00edst\u011b venkovn\u00ed bar.\u00a0<\/p>\r\n<p><strong>Venku po cel\u00fd den:<\/strong><br \/>\r\n\u2013 st\u00e1nky s&nbsp;ob\u010derstven\u00edm (kav\u00e1rna Bia Oko, #zestanku, letensk\u00e9 su\u0161i Otokomae)<br \/>\r\n\u2013 bazar s&nbsp;oble\u010den\u00edm ve spolupr\u00e1ci s\u00a0Kuzmarkt<br \/>\r\n\u2013 st\u00e1nek s&nbsp;keramikou<br \/>\r\n\u2013 st\u00e1nek Farm\u00e1\u0159ek z&nbsp;panel\u00e1ku (swap pokojovek a&nbsp;v\u0161e kolem rostlin a&nbsp;jejich p\u011bstov\u00e1n\u00ed)<\/p>\r\n<p><strong>Venkovn\u00ed harmonogram:<\/strong><br \/>\r\n13.00\u201318.00 Aero\u0161kola (workshop animace pro d\u011bti)<br \/>\r\n13.00\u201315.30 U&nbsp;stud\u00e1nky pozn\u00e1n\u00ed (Na\u0161i ope\u0159enci \u2013 interaktivn\u00ed pov\u00edd\u00e1n\u00ed o&nbsp;pt\u00e1c\u00edch pro d\u011bti a&nbsp;rodi\u010de)<br \/>\r\n13.00 Farm\u00e1\u0159ky z&nbsp;panel\u00e1ku \u2013 M\u00edch\u00e1me substr\u00e1ty s&nbsp;l\u00e1skou k&nbsp;p\u0159\u00edrod\u011b (omezen\u00e1 kapacita)<br \/>\r\n13.30 Pragulic | Prohl\u00eddka Letn\u00e9 s&nbsp;panem Karlem (Pragulic tuto prohl\u00eddku po\u0159\u00e1d\u00e1 zdarma a&nbsp;pr\u016fvodci se n\u00e1v\u0161t\u011bvnictvo m\u016f\u017ee odvd\u011b\u010dit spropitn\u00fdm.)<br \/>\r\n15.30\u201318.00 U&nbsp;stud\u00e1nky pozn\u00e1n\u00ed (V\u010del\u00ed str\u00e1\u017e \u2013 interaktivn\u00ed pov\u00edd\u00e1n\u00ed o&nbsp;hmyz\u00edch opylova\u010d\u00edch pro d\u011bti a&nbsp;rodi\u010de)<br \/>\r\n15.00\u201315.40 DAM\u00daZA: U\u0161i pro princeznu<br \/>\r\n16.00 Farm\u00e1\u0159ky z&nbsp;panel\u00e1ku \u2013 S\u00e1z\u00edme pokojovky \u0161etrn\u011b k&nbsp;p\u0159\u00edrod\u011b (omezen\u00e1 kapacita)<br \/>\r\n18.00\u201319.00 Letensk\u00fd Dixieland (venkovn\u00ed koncert)<\/p>\r\n<p>&nbsp;<\/p>\r\n<p><strong>Cel\u00fd program najdete na <a href=\"https:\/\/www.biooko.net\/?sort=sort-by-data&amp;projection=36786\" target=\"_blank\" rel=\"noopener\">webu Bia Oko<\/a> nebo ve <a href=\"https:\/\/www.facebook.com\/events\/2137410833397660\" target=\"_blank\" rel=\"noopener\">FB ud\u00e1losti<\/a>.<\/strong><\/p>","protected":false},"excerpt":{"rendered":"[perex] Ve \u010dtvrtek 1.&nbsp;kv\u011btna 2025 Bio Oko op\u011bt o\u017eije sousedskou slavnost\u00ed Franti\u0161kovy l\u00e1sky. Pestr\u00fd program je p\u0159ipraven jak pro m\u00edstn\u00ed, tak pro kohokoli, kdo se t\u00edmto sm\u011brem zatoul\u00e1. Ulici Franti\u0161ka K\u0159\u00ed\u017eka zapln\u00ed r\u016fznorod\u00e9 programy i&nbsp;ob\u010derstven\u00ed pro v\u0161echny generace a&nbsp;chut\u011b. V&nbsp;\u010d\u00e1sti ulice bude omezeno parkov\u00e1n\u00ed, sledujte pros\u00edm dopravn\u00ed zna\u010den\u00ed. D\u011bkujeme za pochopen\u00ed. [\/perex] Na co se [&hellip;]","protected":false},"author":251,"featured_media":83756,"comment_status":"closed","ping_status":"open","sticky":false,"template":"","format":"standard","meta":[],"categories":[34],"tags":[123,91,110],"_links":{"self":[{"href":"https:\/\/www.praha7.cz\/api\/wp\/v2\/posts\/83755"}],"collection":[{"href":"https:\/\/www.praha7.cz\/api\/wp\/v2\/posts"}],"about":[{"href":"https:\/\/www.praha7.cz\/api\/wp\/v2\/types\/post"}],"author":[{"embeddable":true,"href":"https:\/\/www.praha7.cz\/api\/wp\/v2\/users\/251"}],"replies":[{"embeddable":true,"href":"https:\/\/www.praha7.cz\/api\/wp\/v2\/comments?post=83755"}],"version-history":[{"count":2,"href":"https:\/\/www.praha7.cz\/api\/wp\/v2\/posts\/83755\/revisions"}],"predecessor-version":[{"id":83796,"href":"https:\/\/www.praha7.cz\/api\/wp\/v2\/posts\/83755\/revisions\/83796"}],"wp:featuredmedia":[{"embeddable":true,"href":"https:\/\/www.praha7.cz\/api\/wp\/v2\/media\/83756"}],"wp:attachment":[{"href":"https:\/\/www.praha7.cz\/api\/wp\/v2\/media?parent=83755"}],"wp:term":[{"taxonomy":"category","embeddable":true,"href":"https:\/\/www.praha7.cz\/api\/wp\/v2\/categories?post=83755"},{"taxonomy":"post_tag","embeddable":true,"href":"https:\/\/www.praha7.cz\/api\/wp\/v2\/tags?post=83755"}],"curies":[{"name":"wp","href":"https:\/\/api.w.org\/{rel}","templated":true}]}}