    
{"id":83721,"date":"2025-04-24T10:28:31","date_gmt":"2025-04-24T08:28:31","guid":{"rendered":"https:\/\/www.praha7.cz\/?p=83721"},"modified":"2025-04-24T11:09:51","modified_gmt":"2025-04-24T09:09:51","slug":"upravy-ul-jankovcova-v-useku-u-vody-varhulikove","status":"publish","type":"post","link":"https:\/\/www.praha7.cz\/upravy-ul-jankovcova-v-useku-u-vody-varhulikove\/","title":{"rendered":"\u00dapravy ul. Jankovcova v&nbsp;\u00faseku U&nbsp;Vody \u2013 Varhul\u00edkov\u00e9"},"content":{"rendered":"<p>[perex]<\/p>\r\n<p>V n\u00e1vaznosti na dokon\u010den\u00ed povrch\u016f po rekonstrukci vodovod\u016f TSK hl. m. Prahy na p\u0159elomu dubna a&nbsp;kv\u011btna zrealizuje \u00fapravy dopravn\u00edho zna\u010den\u00ed v&nbsp;ulici Jankovcova v&nbsp;\u00faseku ulic U&nbsp;Vody \u2013 Varhul\u00edkov\u00e9. D\u016fvodem je p\u0159edev\u0161\u00edm vybudov\u00e1n\u00ed sch\u00e1zej\u00edc\u00edho koridoru pro p\u011b\u0161\u00ed a&nbsp;zv\u00fd\u0161en\u00ed bezpe\u010dnosti provozu.<\/p>\r\n<p>[\/perex]<\/p>\r\n<p>V \u010d\u00e1sti ulice, kde dlouhodob\u011b sch\u00e1z\u00ed chodn\u00edk, bude vyzna\u010den koridor pro p\u011b\u0161\u00ed, kter\u00fd umo\u017en\u00ed bezpe\u010dn\u011bj\u0161\u00ed pohyb chodc\u016f. Z&nbsp;d\u016fvodu realizace tohoto koridoru bude parkov\u00e1n\u00ed v&nbsp;dot\u010den\u00e9m \u00faseku zm\u011bn\u011bno z&nbsp;kolm\u00e9ho na pod\u00e9ln\u00e9. Z\u00e1rove\u0148 zde budou realizov\u00e1na opat\u0159en\u00ed pro cyklodopravu a&nbsp;dal\u0161\u00ed \u00fapravy profilu komunikace s&nbsp;c\u00edlem sn\u00ed\u017een\u00ed rychlosti proj\u00ed\u017ed\u011bj\u00edc\u00edch vozidel. Ulice se nach\u00e1z\u00ed v&nbsp;z\u00f3n\u011b 30, auta zde v\u0161ak \u010dasto tuto rychlost p\u0159ekra\u010duj\u00ed, \u010d\u00edm\u017e doch\u00e1z\u00ed ke zhor\u0161en\u00ed bezpe\u010dnosti provozu a&nbsp;zv\u00fd\u0161en\u00ed hluku v&nbsp;ulici.<\/p>\r\n<p>\u00dapravy budou \u0159e\u0161eny nestavebn\u011b, p\u0159edev\u0161\u00edm prost\u0159ednictv\u00edm zm\u011bn dopravn\u00edho zna\u010den\u00ed. Magistr\u00e1t hl. m. Prahy dlouhodob\u011b p\u0159ipravuje celkov\u00e9 stavebn\u00ed \u00fapravy ulice, jeliko\u017e ale rekonstrukce podle sou\u010dasn\u00fdch informac\u00edch TSK hl. m. Prahy neprob\u011bhne d\u0159\u00edve ne\u017e v&nbsp;roce 2027, bylo p\u0159istoupeno k&nbsp;tomuto p\u0159echodn\u00e9mu \u0159e\u0161en\u00ed, kter\u00e9 zlep\u0161\u00ed neut\u011b\u0161enou situaci v&nbsp;t\u00e9to lokalit\u011b ihned.<\/p>","protected":false},"excerpt":{"rendered":"[perex] V&nbsp;n\u00e1vaznosti na dokon\u010den\u00ed povrch\u016f po rekonstrukci vodovod\u016f TSK hl. m. Prahy na p\u0159elomu dubna a&nbsp;kv\u011btna zrealizuje \u00fapravy dopravn\u00edho zna\u010den\u00ed v&nbsp;ulici Jankovcova v&nbsp;\u00faseku ulic U&nbsp;Vody \u2013 Varhul\u00edkov\u00e9. D\u016fvodem je p\u0159edev\u0161\u00edm vybudov\u00e1n\u00ed sch\u00e1zej\u00edc\u00edho koridoru pro p\u011b\u0161\u00ed a&nbsp;zv\u00fd\u0161en\u00ed bezpe\u010dnosti provozu. [\/perex] V&nbsp;\u010d\u00e1sti ulice, kde dlouhodob\u011b sch\u00e1z\u00ed chodn\u00edk, bude vyzna\u010den koridor pro p\u011b\u0161\u00ed, kter\u00fd umo\u017en\u00ed bezpe\u010dn\u011bj\u0161\u00ed [&hellip;]","protected":false},"author":5,"featured_media":83722,"comment_status":"closed","ping_status":"open","sticky":false,"template":"","format":"standard","meta":[],"categories":[34],"tags":[57,125],"_links":{"self":[{"href":"https:\/\/www.praha7.cz\/api\/wp\/v2\/posts\/83721"}],"collection":[{"href":"https:\/\/www.praha7.cz\/api\/wp\/v2\/posts"}],"about":[{"href":"https:\/\/www.praha7.cz\/api\/wp\/v2\/types\/post"}],"author":[{"embeddable":true,"href":"https:\/\/www.praha7.cz\/api\/wp\/v2\/users\/5"}],"replies":[{"embeddable":true,"href":"https:\/\/www.praha7.cz\/api\/wp\/v2\/comments?post=83721"}],"version-history":[{"count":4,"href":"https:\/\/www.praha7.cz\/api\/wp\/v2\/posts\/83721\/revisions"}],"predecessor-version":[{"id":83726,"href":"https:\/\/www.praha7.cz\/api\/wp\/v2\/posts\/83721\/revisions\/83726"}],"wp:featuredmedia":[{"embeddable":true,"href":"https:\/\/www.praha7.cz\/api\/wp\/v2\/media\/83722"}],"wp:attachment":[{"href":"https:\/\/www.praha7.cz\/api\/wp\/v2\/media?parent=83721"}],"wp:term":[{"taxonomy":"category","embeddable":true,"href":"https:\/\/www.praha7.cz\/api\/wp\/v2\/categories?post=83721"},{"taxonomy":"post_tag","embeddable":true,"href":"https:\/\/www.praha7.cz\/api\/wp\/v2\/tags?post=83721"}],"curies":[{"name":"wp","href":"https:\/\/api.w.org\/{rel}","templated":true}]}}