    
{"id":83708,"date":"2025-04-23T15:46:21","date_gmt":"2025-04-23T13:46:21","guid":{"rendered":"https:\/\/www.praha7.cz\/?p=83708"},"modified":"2025-05-08T10:04:54","modified_gmt":"2025-05-08T08:04:54","slug":"koncert-u-prilezitosti-80-vyroci-konce-druhe-svetove-valky","status":"publish","type":"post","link":"https:\/\/www.praha7.cz\/koncert-u-prilezitosti-80-vyroci-konce-druhe-svetove-valky\/","title":{"rendered":"Koncert u&nbsp;p\u0159\u00edle\u017eitosti 80.&nbsp;v\u00fdro\u010d\u00ed konce druh\u00e9 sv\u011btov\u00e9 v\u00e1lky"},"content":{"rendered":"<p>[perex]<\/p>\r\n<p>Srde\u010dn\u011b v\u00e1s zveme na st\u0159edu 7.&nbsp;kv\u011btna 2025 v&nbsp;19.30 do kostela sv. Anton\u00edna na Strossmayerov\u011b n\u00e1m\u011bst\u00ed na koncert u&nbsp;p\u0159\u00edle\u017eitosti p\u0159ipom\u00ednky 80.&nbsp;v\u00fdro\u010d\u00ed konce druh\u00e9 sv\u011btov\u00e9 v\u00e1lky. \u00da\u010dinkuje \u017des\u0165ov\u00fd kvintet Hudby Hradn\u00ed str\u00e1\u017ee a&nbsp;Policie \u010cR a&nbsp;varhanice Linda S\u00edtkov\u00e1. Zazn\u00ed skladby Johanna Sebastiana Bacha, Felixe Mendelssohna-Bartholdyho, Wolfganga Amadea Mozarta a&nbsp;dal\u0161\u00edch autor\u016f. Vstup zdarma.<\/p>\r\n<p>[\/perex]<\/p>\r\n<h3>Koncert u&nbsp;p\u0159\u00edle\u017eitosti 80.&nbsp;v\u00fdro\u010d\u00ed konce druh\u00e9 sv\u011btov\u00e9 v\u00e1lky<\/h3>\r\n<h5>st\u0159eda 7.&nbsp;kv\u011btna 2025 v&nbsp;19.30<\/h5>\r\n<h5>kostel sv. Anton\u00edna, Strossmayerovo n\u00e1m.<\/h5>\r\n<p>&nbsp;<\/p>\r\n<p>Vystoup\u00ed <strong>varhanice Linda S\u00edtkov\u00e1<\/strong> a&nbsp;<strong>\u017des\u0165ov\u00fd kvintet Hudby Hradn\u00ed str\u00e1\u017ee a&nbsp;Policie \u010cR<\/strong>:<\/p>\r\n<p>Pavel Hrom\u00e1dka \u2013 trubka, pikolo trubka<\/p>\r\n<p>Ji\u0159\u00ed Bacht\u00edk \u2013 trubka, k\u0159\u00eddlovka<\/p>\r\n<p>\u0160imon \u0160enke\u0159\u00edk \u2013 lesn\u00ed roh<\/p>\r\n<p>Jan Triebenekl \u2013 trombon<\/p>\r\n<p>Ji\u0159\u00ed Vojt\u011bch \u2013 tuba<\/p>\r\n<p>&nbsp;<\/p>\r\n<p><img loading=\"lazy\" src=\"https:\/\/www.praha7.cz\/wp-content\/uploads\/2025\/04\/Qintet-HHS-Linda-2024-1500x1000.jpg\" alt=\"\" width=\"640\" height=\"427\" class=\"alignnone size-large wp-image-83710\" srcset=\"https:\/\/www.praha7.cz\/wp-content\/uploads\/2025\/04\/Qintet-HHS-Linda-2024-1500x1000.jpg 1500w, https:\/\/www.praha7.cz\/wp-content\/uploads\/2025\/04\/Qintet-HHS-Linda-2024-600x400.jpg 600w, https:\/\/www.praha7.cz\/wp-content\/uploads\/2025\/04\/Qintet-HHS-Linda-2024-768x512.jpg 768w, https:\/\/www.praha7.cz\/wp-content\/uploads\/2025\/04\/Qintet-HHS-Linda-2024-1536x1024.jpg 1536w, https:\/\/www.praha7.cz\/wp-content\/uploads\/2025\/04\/Qintet-HHS-Linda-2024-2048x1365.jpg 2048w\" sizes=\"(max-width: 640px) 100vw, 640px\" \/><\/p>\r\n<p>&nbsp;<\/p>\r\n<h3>Program koncertu<\/h3>\r\n<p>Felix Mendelssohn-Bartholdy: Holy is the Lord (Svat\u00fd je P\u00e1n) | kvintet a&nbsp;varhany<\/p>\r\n<p>Craig Sellar Lang: Tuba Tune | kvintet<\/p>\r\n<p>Johann Sebastian Bach: chor\u00e1lov\u00e1 p\u0159edehra \u201eWachet auf, ruft uns die Stimme\u201c | BWV 645, varhany s\u00f3lo<\/p>\r\n<p>Johann Sebastian Bach: Air | BWV 1068, kvintet<\/p>\r\n<p>George Friedrich H\u00e4ndel: P\u0159\u00edchod kr\u00e1lovny ze S\u00e1by | kvintet<\/p>\r\n<p>Johann Sebastian Bach: Jesus bleibet meine Freude | BWV 147, kvintet a&nbsp;varhany<\/p>\r\n<p>Jehan Alain: Litanie | JA 119, varhany s\u00f3lo<\/p>\r\n<p>Wolfgang Amadeus Mozart: \u00e1rie Kr\u00e1lovny noci z&nbsp;Kouzeln\u00e9 fl\u00e9tny | kvintet\u00a0<\/p>\r\n<p>John Stanley: Festliche Barock music | kvintet a&nbsp;varhany<\/p>\r\n<p>Louis Vierne: Carillon de Westminster | op. 54, no. 6 varhany s\u00f3lo<\/p>\r\n<p>Andrew Skirrow: Three Gershwin Songs | kvintet<\/p>\r\n<p>Josef Kli\u010dka: Fantasie na motivy symfonick\u00e9 b\u00e1sn\u011b Vy\u0161ehrad od B. Smetany | varhany s\u00f3lo<\/p>\r\n<p>Jan Bern\u00e1tek: Slavnostn\u00ed chor\u00e1lov\u00e1 p\u0159edehra | kvintet a&nbsp;varhany\u00a0\u00a0<\/p>\r\n<p>Andr\u00e9 Campra: Rigaudon | kvintet a&nbsp;varhany<\/p>\r\n<p>&nbsp;<\/p>\r\n<p><em>Po\u0159\u00e1d\u00e1 M\u010c Praha&nbsp;7 ve spolupr\u00e1ci s&nbsp;Bach-Collegium Praha. Zm\u011bna programu vyhrazena. Vstup zdarma.<\/em><\/p>","protected":false},"excerpt":{"rendered":"[perex] Srde\u010dn\u011b v\u00e1s zveme na st\u0159edu 7.&nbsp;kv\u011btna 2025 v&nbsp;19.30 do kostela sv. Anton\u00edna na Strossmayerov\u011b n\u00e1m\u011bst\u00ed na koncert u&nbsp;p\u0159\u00edle\u017eitosti p\u0159ipom\u00ednky 80.&nbsp;v\u00fdro\u010d\u00ed konce druh\u00e9 sv\u011btov\u00e9 v\u00e1lky. \u00da\u010dinkuje \u017des\u0165ov\u00fd kvintet Hudby Hradn\u00ed str\u00e1\u017ee a&nbsp;Policie \u010cR a&nbsp;varhanice Linda S\u00edtkov\u00e1. Zazn\u00ed skladby Johanna Sebastiana Bacha, Felixe Mendelssohna-Bartholdyho, Wolfganga Amadea Mozarta a&nbsp;dal\u0161\u00edch autor\u016f. Vstup zdarma. [\/perex] Koncert u&nbsp;p\u0159\u00edle\u017eitosti 80.&nbsp;v\u00fdro\u010d\u00ed konce [&hellip;]","protected":false},"author":251,"featured_media":83709,"comment_status":"closed","ping_status":"open","sticky":false,"template":"","format":"standard","meta":[],"categories":[34],"tags":[106],"_links":{"self":[{"href":"https:\/\/www.praha7.cz\/api\/wp\/v2\/posts\/83708"}],"collection":[{"href":"https:\/\/www.praha7.cz\/api\/wp\/v2\/posts"}],"about":[{"href":"https:\/\/www.praha7.cz\/api\/wp\/v2\/types\/post"}],"author":[{"embeddable":true,"href":"https:\/\/www.praha7.cz\/api\/wp\/v2\/users\/251"}],"replies":[{"embeddable":true,"href":"https:\/\/www.praha7.cz\/api\/wp\/v2\/comments?post=83708"}],"version-history":[{"count":3,"href":"https:\/\/www.praha7.cz\/api\/wp\/v2\/posts\/83708\/revisions"}],"predecessor-version":[{"id":83729,"href":"https:\/\/www.praha7.cz\/api\/wp\/v2\/posts\/83708\/revisions\/83729"}],"wp:featuredmedia":[{"embeddable":true,"href":"https:\/\/www.praha7.cz\/api\/wp\/v2\/media\/83709"}],"wp:attachment":[{"href":"https:\/\/www.praha7.cz\/api\/wp\/v2\/media?parent=83708"}],"wp:term":[{"taxonomy":"category","embeddable":true,"href":"https:\/\/www.praha7.cz\/api\/wp\/v2\/categories?post=83708"},{"taxonomy":"post_tag","embeddable":true,"href":"https:\/\/www.praha7.cz\/api\/wp\/v2\/tags?post=83708"}],"curies":[{"name":"wp","href":"https:\/\/api.w.org\/{rel}","templated":true}]}}