    
{"id":83667,"date":"2025-04-22T11:06:35","date_gmt":"2025-04-22T09:06:35","guid":{"rendered":"https:\/\/www.praha7.cz\/?p=83667"},"modified":"2025-04-22T11:06:35","modified_gmt":"2025-04-22T09:06:35","slug":"vystava-nezapomenme-80-na-strossmayerove-namesti","status":"publish","type":"post","link":"https:\/\/www.praha7.cz\/vystava-nezapomenme-80-na-strossmayerove-namesti\/","title":{"rendered":"V\u00fdstava NEZAPOME\u0147ME 80 na Strossmayerov\u011b n\u00e1m\u011bst\u00ed"},"content":{"rendered":"<p>[perex]<\/p>\r\n<p>Ve spolupr\u00e1ci s&nbsp;organizac\u00ed Post Bellum je na Strossmayerov\u011b n\u00e1m\u011bst\u00ed ke zhl\u00e9dnut\u00ed v\u00fdstava <a href=\"https:\/\/www.nezapomenme80.cz\/\" target=\"_blank\" rel=\"noopener\">NEZAPOME\u0147ME 80<\/a>. V\u00fdstavn\u00ed panely p\u0159in\u00e1\u0161ej\u00ed v\u00fdpov\u011bdi pam\u011btn\u00edk\u016f konce v\u00e1lky z&nbsp;cel\u00e9 republiky, Prahy i&nbsp;Prahy&nbsp;7.<\/p>\r\n<p>[\/perex]<\/p>\r\n<p><strong>Osmdes\u00e1t let od konce druh\u00e9 sv\u011btov\u00e9 v\u00e1lky si v&nbsp;Praze 7 p\u0159ipom\u00edn\u00e1me \u0159adou ud\u00e1lost\u00ed. Jejich p\u0159ehled najdete <a href=\"https:\/\/www.praha7.cz\/80let\/\">zde<\/a>.<\/strong><\/p>\r\n<p><img loading=\"lazy\" src=\"https:\/\/www.praha7.cz\/wp-content\/uploads\/2025\/04\/vystava-80_jeden-panel-1500x882.jpeg\" alt=\"\" width=\"640\" height=\"376\" class=\"alignnone size-large wp-image-83669\" srcset=\"https:\/\/www.praha7.cz\/wp-content\/uploads\/2025\/04\/vystava-80_jeden-panel-1500x882.jpeg 1500w, https:\/\/www.praha7.cz\/wp-content\/uploads\/2025\/04\/vystava-80_jeden-panel-600x353.jpeg 600w, https:\/\/www.praha7.cz\/wp-content\/uploads\/2025\/04\/vystava-80_jeden-panel-768x452.jpeg 768w, https:\/\/www.praha7.cz\/wp-content\/uploads\/2025\/04\/vystava-80_jeden-panel-1536x903.jpeg 1536w, https:\/\/www.praha7.cz\/wp-content\/uploads\/2025\/04\/vystava-80_jeden-panel-2048x1204.jpeg 2048w\" sizes=\"(max-width: 640px) 100vw, 640px\" \/><\/p>\r\n<p><img loading=\"lazy\" src=\"https:\/\/www.praha7.cz\/wp-content\/uploads\/2025\/04\/vystava-80-1500x890.jpeg\" alt=\"\" width=\"640\" height=\"380\" class=\"alignnone size-large wp-image-83668\" srcset=\"https:\/\/www.praha7.cz\/wp-content\/uploads\/2025\/04\/vystava-80-1500x890.jpeg 1500w, https:\/\/www.praha7.cz\/wp-content\/uploads\/2025\/04\/vystava-80-600x356.jpeg 600w, https:\/\/www.praha7.cz\/wp-content\/uploads\/2025\/04\/vystava-80-768x456.jpeg 768w, https:\/\/www.praha7.cz\/wp-content\/uploads\/2025\/04\/vystava-80-1536x911.jpeg 1536w, https:\/\/www.praha7.cz\/wp-content\/uploads\/2025\/04\/vystava-80-2048x1215.jpeg 2048w\" sizes=\"(max-width: 640px) 100vw, 640px\" \/><\/p>","protected":false},"excerpt":{"rendered":"[perex] Ve spolupr\u00e1ci s&nbsp;organizac\u00ed Post Bellum je na Strossmayerov\u011b n\u00e1m\u011bst\u00ed ke zhl\u00e9dnut\u00ed v\u00fdstava NEZAPOME\u0147ME 80. V\u00fdstavn\u00ed panely p\u0159in\u00e1\u0161ej\u00ed v\u00fdpov\u011bdi pam\u011btn\u00edk\u016f konce v\u00e1lky z&nbsp;cel\u00e9 republiky, Prahy i&nbsp;Prahy&nbsp;7. [\/perex] Osmdes\u00e1t let od konce druh\u00e9 sv\u011btov\u00e9 v\u00e1lky si v&nbsp;Praze 7 p\u0159ipom\u00edn\u00e1me \u0159adou ud\u00e1lost\u00ed. Jejich p\u0159ehled najdete zde.","protected":false},"author":251,"featured_media":83670,"comment_status":"closed","ping_status":"open","sticky":false,"template":"","format":"standard","meta":[],"categories":[34],"tags":[],"_links":{"self":[{"href":"https:\/\/www.praha7.cz\/api\/wp\/v2\/posts\/83667"}],"collection":[{"href":"https:\/\/www.praha7.cz\/api\/wp\/v2\/posts"}],"about":[{"href":"https:\/\/www.praha7.cz\/api\/wp\/v2\/types\/post"}],"author":[{"embeddable":true,"href":"https:\/\/www.praha7.cz\/api\/wp\/v2\/users\/251"}],"replies":[{"embeddable":true,"href":"https:\/\/www.praha7.cz\/api\/wp\/v2\/comments?post=83667"}],"version-history":[{"count":1,"href":"https:\/\/www.praha7.cz\/api\/wp\/v2\/posts\/83667\/revisions"}],"predecessor-version":[{"id":83671,"href":"https:\/\/www.praha7.cz\/api\/wp\/v2\/posts\/83667\/revisions\/83671"}],"wp:featuredmedia":[{"embeddable":true,"href":"https:\/\/www.praha7.cz\/api\/wp\/v2\/media\/83670"}],"wp:attachment":[{"href":"https:\/\/www.praha7.cz\/api\/wp\/v2\/media?parent=83667"}],"wp:term":[{"taxonomy":"category","embeddable":true,"href":"https:\/\/www.praha7.cz\/api\/wp\/v2\/categories?post=83667"},{"taxonomy":"post_tag","embeddable":true,"href":"https:\/\/www.praha7.cz\/api\/wp\/v2\/tags?post=83667"}],"curies":[{"name":"wp","href":"https:\/\/api.w.org\/{rel}","templated":true}]}}