    
{"id":83592,"date":"2025-04-16T10:59:05","date_gmt":"2025-04-16T08:59:05","guid":{"rendered":"https:\/\/www.praha7.cz\/?p=83592"},"modified":"2025-04-16T16:16:43","modified_gmt":"2025-04-16T14:16:43","slug":"vypadek-elektriny-v-holesovicich-2","status":"publish","type":"post","link":"https:\/\/www.praha7.cz\/vypadek-elektriny-v-holesovicich-2\/","title":{"rendered":"V\u00fdpadek elekt\u0159iny v&nbsp;Hole\u0161ovic\u00edch"},"content":{"rendered":"<p>[perex]<\/p>\r\n<p>Upozor\u0148ujeme na p\u0159eru\u0161en\u00ed dod\u00e1vky elektrick\u00e9 energie v&nbsp;oblasti Hole\u0161ovice. P\u0159edpoklad obnoven\u00ed 16.&nbsp;4.&nbsp;2025 ve 13:00 hodin. Aktu\u00e1ln\u00ed informace <a href=\"https:\/\/www.predistribuce.cz\/cs\/distribucni-sit\/stav-distribucni-site\/\" target=\"_blank\" rel=\"noopener\">zde<\/a>.<\/p>\r\n<p>[\/perex]<\/p>","protected":false},"excerpt":{"rendered":"[perex] Upozor\u0148ujeme na p\u0159eru\u0161en\u00ed dod\u00e1vky elektrick\u00e9 energie v&nbsp;oblasti Hole\u0161ovice. P\u0159edpoklad obnoven\u00ed 16.&nbsp;4.&nbsp;2025 ve 13:00 hodin. Aktu\u00e1ln\u00ed informace zde. [\/perex]","protected":false},"author":5,"featured_media":45841,"comment_status":"closed","ping_status":"open","sticky":false,"template":"","format":"standard","meta":[],"categories":[1],"tags":[],"_links":{"self":[{"href":"https:\/\/www.praha7.cz\/api\/wp\/v2\/posts\/83592"}],"collection":[{"href":"https:\/\/www.praha7.cz\/api\/wp\/v2\/posts"}],"about":[{"href":"https:\/\/www.praha7.cz\/api\/wp\/v2\/types\/post"}],"author":[{"embeddable":true,"href":"https:\/\/www.praha7.cz\/api\/wp\/v2\/users\/5"}],"replies":[{"embeddable":true,"href":"https:\/\/www.praha7.cz\/api\/wp\/v2\/comments?post=83592"}],"version-history":[{"count":5,"href":"https:\/\/www.praha7.cz\/api\/wp\/v2\/posts\/83592\/revisions"}],"predecessor-version":[{"id":90970,"href":"https:\/\/www.praha7.cz\/api\/wp\/v2\/posts\/83592\/revisions\/90970"}],"wp:featuredmedia":[{"embeddable":true,"href":"https:\/\/www.praha7.cz\/api\/wp\/v2\/media\/45841"}],"wp:attachment":[{"href":"https:\/\/www.praha7.cz\/api\/wp\/v2\/media?parent=83592"}],"wp:term":[{"taxonomy":"category","embeddable":true,"href":"https:\/\/www.praha7.cz\/api\/wp\/v2\/categories?post=83592"},{"taxonomy":"post_tag","embeddable":true,"href":"https:\/\/www.praha7.cz\/api\/wp\/v2\/tags?post=83592"}],"curies":[{"name":"wp","href":"https:\/\/api.w.org\/{rel}","templated":true}]}}