    
{"id":83521,"date":"2025-04-14T16:28:36","date_gmt":"2025-04-14T14:28:36","guid":{"rendered":"https:\/\/www.praha7.cz\/?p=83521"},"modified":"2025-04-15T13:38:44","modified_gmt":"2025-04-15T11:38:44","slug":"upravy-v-ulicich-fr-krizka-vinarska-a-veverkova","status":"publish","type":"post","link":"https:\/\/www.praha7.cz\/upravy-v-ulicich-fr-krizka-vinarska-a-veverkova\/","title":{"rendered":"\u00dapravy v&nbsp;ulic\u00edch Fr. K\u0159\u00ed\u017eka, Vina\u0159sk\u00e1 a&nbsp;Veverkova"},"content":{"rendered":"<p>[perex]<\/p>\r\n<p>Technick\u00e1 spr\u00e1va komunikac\u00ed hl. m. Prahy bude v&nbsp;ulic\u00edch Franti\u0161ka K\u0159\u00ed\u017eka, Vina\u0159sk\u00e1 a&nbsp;Veverkova realizovat \u00fapravy, kter\u00e9 povedou k&nbsp;bezpe\u010dn\u011bj\u0161\u00edmu pohybu chodc\u016f, zejm\u00e9na pak d\u011bt\u00ed doch\u00e1zej\u00edc\u00edch do p\u0159ilehl\u00fdch z\u00e1kladn\u00edch a&nbsp;mate\u0159sk\u00fdch \u0161kol, a&nbsp;zlep\u0161en\u00ed prostupnosti cel\u00e9ho \u00fazem\u00ed. Realizace prac\u00ed se p\u0159edpokl\u00e1d\u00e1 na p\u0159elomu dubna a&nbsp;kv\u011btna.<\/p>\r\n<p>[\/perex]<\/p>\r\n<p>\u00dapravy navazuj\u00ed na projekt <a href=\"https:\/\/www.praha7.cz\/skolniulice\/\">\u0161koln\u00edch ulic<\/a>, kter\u00fd Praha&nbsp;7 zah\u00e1jila v\u00a0roce 2023. V\u00a0dot\u010den\u00fdch ulic\u00edch dojde k\u00a0vyzna\u010den\u00ed nov\u00fdch p\u0159echod\u016f a&nbsp;zkr\u00e1cen\u00ed t\u011bch st\u00e1vaj\u00edc\u00edch, vyta\u017een\u00ed n\u00e1ro\u017e\u00ed, zlep\u0161en\u00ed rozhled\u016f p\u0159i p\u0159ech\u00e1zen\u00ed, instalaci antiparkovac\u00edch sloupk\u016f a&nbsp;dal\u0161\u00edm opat\u0159en\u00edm, kter\u00e9 v&nbsp;bl\u00edzkosti z\u00e1kladn\u00edch a&nbsp;mate\u0159sk\u00fdch \u0161kol p\u0159inesou zlep\u0161en\u00ed podm\u00ednek pro bezpe\u010dn\u00fd a&nbsp;pohodln\u00fd pohyb.<\/p>\r\n<p><img loading=\"lazy\" src=\"https:\/\/www.praha7.cz\/wp-content\/uploads\/2025\/04\/Veverkova-Vinarska-1332x1000.jpg\" alt=\"\" width=\"640\" height=\"480\" class=\"alignnone size-large wp-image-83524\" srcset=\"https:\/\/www.praha7.cz\/wp-content\/uploads\/2025\/04\/Veverkova-Vinarska-1332x1000.jpg 1332w, https:\/\/www.praha7.cz\/wp-content\/uploads\/2025\/04\/Veverkova-Vinarska-533x400.jpg 533w, https:\/\/www.praha7.cz\/wp-content\/uploads\/2025\/04\/Veverkova-Vinarska-768x576.jpg 768w, https:\/\/www.praha7.cz\/wp-content\/uploads\/2025\/04\/Veverkova-Vinarska-1536x1153.jpg 1536w, https:\/\/www.praha7.cz\/wp-content\/uploads\/2025\/04\/Veverkova-Vinarska.jpg 1880w\" sizes=\"(max-width: 640px) 100vw, 640px\" \/><\/p>\r\n<p>Z\u00e1rove\u0148 budou v\u00a0jednosm\u011brn\u00fdch ulic\u00edch, tak jako na dal\u0161\u00edch m\u00edstech v\u00a0Praze, zavedeny cykloobousm\u011brky, kter\u00e9 v\u00a0oblastech se sn\u00ed\u017eenou rychlost\u00ed aut cyklist\u016fm umo\u017e\u0148uj\u00ed zkr\u00e1tit si bezpe\u010dn\u011b vzd\u00e1lenost p\u0159i pohybu ve m\u011bst\u011b a&nbsp;z\u00e1rove\u0148 je motivuj\u00ed, aby se nedopou\u0161t\u011bli neleg\u00e1ln\u00ed j\u00edzdy po chodn\u00edku. V\u00edce o&nbsp;cykloobousm\u011brk\u00e1ch se do\u010dtete <a href=\"https:\/\/www.praha7.cz\/nove-cykloobousmerky-zkrati-cesty-na-kole-v-celych-holesovicich\/\">zde<\/a>.<\/p>","protected":false},"excerpt":{"rendered":"[perex] Technick\u00e1 spr\u00e1va komunikac\u00ed hl. m. Prahy bude v&nbsp;ulic\u00edch Franti\u0161ka K\u0159\u00ed\u017eka, Vina\u0159sk\u00e1 a&nbsp;Veverkova realizovat \u00fapravy, kter\u00e9 povedou k&nbsp;bezpe\u010dn\u011bj\u0161\u00edmu pohybu chodc\u016f, zejm\u00e9na pak d\u011bt\u00ed doch\u00e1zej\u00edc\u00edch do p\u0159ilehl\u00fdch z\u00e1kladn\u00edch a&nbsp;mate\u0159sk\u00fdch \u0161kol, a&nbsp;zlep\u0161en\u00ed prostupnosti cel\u00e9ho \u00fazem\u00ed. Realizace prac\u00ed se p\u0159edpokl\u00e1d\u00e1 na p\u0159elomu dubna a&nbsp;kv\u011btna. [\/perex] \u00dapravy navazuj\u00ed na projekt \u0161koln\u00edch ulic, kter\u00fd Praha&nbsp;7 zah\u00e1jila v\u00a0roce 2023. V\u00a0dot\u010den\u00fdch ulic\u00edch [&hellip;]","protected":false},"author":5,"featured_media":83523,"comment_status":"closed","ping_status":"open","sticky":false,"template":"","format":"standard","meta":[],"categories":[34],"tags":[57],"_links":{"self":[{"href":"https:\/\/www.praha7.cz\/api\/wp\/v2\/posts\/83521"}],"collection":[{"href":"https:\/\/www.praha7.cz\/api\/wp\/v2\/posts"}],"about":[{"href":"https:\/\/www.praha7.cz\/api\/wp\/v2\/types\/post"}],"author":[{"embeddable":true,"href":"https:\/\/www.praha7.cz\/api\/wp\/v2\/users\/5"}],"replies":[{"embeddable":true,"href":"https:\/\/www.praha7.cz\/api\/wp\/v2\/comments?post=83521"}],"version-history":[{"count":3,"href":"https:\/\/www.praha7.cz\/api\/wp\/v2\/posts\/83521\/revisions"}],"predecessor-version":[{"id":83572,"href":"https:\/\/www.praha7.cz\/api\/wp\/v2\/posts\/83521\/revisions\/83572"}],"wp:featuredmedia":[{"embeddable":true,"href":"https:\/\/www.praha7.cz\/api\/wp\/v2\/media\/83523"}],"wp:attachment":[{"href":"https:\/\/www.praha7.cz\/api\/wp\/v2\/media?parent=83521"}],"wp:term":[{"taxonomy":"category","embeddable":true,"href":"https:\/\/www.praha7.cz\/api\/wp\/v2\/categories?post=83521"},{"taxonomy":"post_tag","embeddable":true,"href":"https:\/\/www.praha7.cz\/api\/wp\/v2\/tags?post=83521"}],"curies":[{"name":"wp","href":"https:\/\/api.w.org\/{rel}","templated":true}]}}